{"id":1179,"date":"2022-10-21T15:25:43","date_gmt":"2022-10-21T18:25:43","guid":{"rendered":"http:\/\/xtrental.com.br\/?p=483"},"modified":"2025-02-10T10:46:13","modified_gmt":"2025-02-10T13:46:13","slug":"caminhao-munck-10t","status":"publish","type":"post","link":"https:\/\/minax.com.br\/site\/caminhao-munck-10t\/","title":{"rendered":"Caminh\u00f5es Munck: Versatilidade e Precis\u00e3o na Movimenta\u00e7\u00e3o de Cargas Pesadas"},"content":{"rendered":"\n<p>O <strong>Caminh\u00e3o Munck Madal 45007<\/strong> \u00e9 a solu\u00e7\u00e3o ideal para <strong>eleva\u00e7\u00e3o e transporte de cargas pesadas<\/strong> em obras de infraestrutura, minera\u00e7\u00e3o, constru\u00e7\u00e3o civil e ind\u00fastrias. Com sua <strong>alta capacidade de i\u00e7amento e alcance estendido<\/strong>, ele proporciona <strong>seguran\u00e7a, agilidade e efici\u00eancia operacional<\/strong> em servi\u00e7os de movimenta\u00e7\u00e3o de materiais e equipamentos.<\/p>\n\n\n\n<h2 class=\"wp-block-heading\"><strong>Caracter\u00edsticas T\u00e9cnicas do Madal 45007<\/strong><\/h2>\n\n\n\n<p>\ud83d\udd39 <strong>Capacidade m\u00e1xima de carga<\/strong>: 45 toneladas<br>\ud83d\udd39 <strong>Alcance m\u00e1ximo horizontal<\/strong>: 20 metros<br>\ud83d\udd39 <strong>Altura m\u00e1xima de eleva\u00e7\u00e3o<\/strong>: 24 metros<br>\ud83d\udd39 <strong>Peso total do equipamento<\/strong>: Aproximadamente 16.500 kg<br>\ud83d\udd39 <strong>Sistema hidr\u00e1ulico de alta efici\u00eancia<\/strong> \u2013 Maior controle e precis\u00e3o nos movimentos<br>\ud83d\udd39 <strong>Estabilizadores telesc\u00f3picos<\/strong> \u2013 Garantia de seguran\u00e7a e estabilidade em terrenos variados<br>\ud83d\udd39 <strong>Giro de 360\u00b0<\/strong> \u2013 Maior flexibilidade para opera\u00e7\u00f5es complexas<br>\ud83d\udd39 <strong>Montagem sobre chassis refor\u00e7ado<\/strong> \u2013 Melhor distribui\u00e7\u00e3o de peso e resist\u00eancia estrutural<\/p>\n\n\n\n<h2 class=\"wp-block-heading\"><strong>Vantagens do Caminh\u00e3o Munck Madal 45007 no seu projeto<\/strong><\/h2>\n\n\n\n<p>\u2705 <strong>Alta capacidade de i\u00e7amento<\/strong> \u2013 Ideal para movimenta\u00e7\u00e3o de m\u00e1quinas, cont\u00eaineres e estruturas met\u00e1licas.<br>\u2705 <strong>Maior alcance e precis\u00e3o<\/strong> \u2013 Perfeito para locais de dif\u00edcil acesso.<br>\u2705 <strong>Versatilidade operacional<\/strong> \u2013 Atende <strong><a href=\"https:\/\/minax.com.br\/site\/#servicos\">opera\u00e7\u00f5es de mina<\/a><\/strong>, <strong><a href=\"https:\/\/minax.com.br\/site\/#servicos\">terraplanagem<\/a><\/strong> e <strong><a href=\"https:\/\/minax.com.br\/site\/#servicos\">movimenta\u00e7\u00e3o de solo e rocha<\/a><\/strong>.<br>\u2705 <strong>Redu\u00e7\u00e3o de custos<\/strong> \u2013 Evita o uso de guindastes em opera\u00e7\u00f5es de menor porte.<br>\u2705 <strong>Maior seguran\u00e7a<\/strong> \u2013 Equipado com <strong>sistemas de controle e estabiliza\u00e7\u00e3o<\/strong> para evitar acidentes.<\/p>\n\n\n\n<h2 class=\"wp-block-heading\"><strong>Loca\u00e7\u00e3o do Caminh\u00e3o Munck Madal 45007 com a Minax<\/strong><\/h2>\n\n\n\n<p>Na <strong>Minax<\/strong>, disponibilizamos <strong>loca\u00e7\u00e3o do Madal 45007<\/strong> com <strong>manuten\u00e7\u00e3o preventiva e suporte t\u00e9cnico<\/strong>, garantindo <strong>m\u00e1ximo desempenho e seguran\u00e7a<\/strong> na movimenta\u00e7\u00e3o de cargas pesadas.<\/p>\n\n\n\n<h3 class=\"wp-block-heading\">\ud83d\udd17 <strong>Melhore sua opera\u00e7\u00e3o com equipamentos complementares!<\/strong><\/h3>\n\n\n\n<p>\ud83d\udccc <strong><a href=\"https:\/\/minax.com.br\/site\/caterpillar-966-l\/\">P\u00e1s Carregadeiras<\/a><\/strong> para carregamento \u00e1gil de materiais.<br>\ud83d\udccc <strong><a href=\"https:\/\/minax.com.br\/site\/volvo-ec-380dl-com-rompedor\/\">Escavadeiras com Rompedor<\/a><\/strong> para servi\u00e7os de demoli\u00e7\u00e3o e extra\u00e7\u00e3o.<\/p>\n\n\n\n<p>\ud83d\udcde <strong>Entre em contato agora mesmo<\/strong> e solicite um or\u00e7amento para a <strong>loca\u00e7\u00e3o do Caminh\u00e3o Munck<\/strong> com a <strong>Minax<\/strong>!<\/p>\n","protected":false},"excerpt":{"rendered":"<p>O Caminh\u00e3o Munck Madal 45007 \u00e9 a solu\u00e7\u00e3o ideal para eleva\u00e7\u00e3o e transporte de cargas pesadas em obras de infraestrutura, minera\u00e7\u00e3o, constru\u00e7\u00e3o civil e ind\u00fastrias. Com sua alta capacidade de i\u00e7amento e alcance estendido, ele proporciona seguran\u00e7a, agilidade e efici\u00eancia operacional em servi\u00e7os de movimenta\u00e7\u00e3o de materiais e equipamentos. Caracter\u00edsticas T\u00e9cnicas do Madal 45007 \ud83d\udd39 [&hellip;]<\/p>\n","protected":false},"author":1,"featured_media":1260,"comment_status":"open","ping_status":"open","sticky":false,"template":"","format":"standard","meta":{"footnotes":""},"categories":[20],"tags":[],"class_list":["post-1179","post","type-post","status-publish","format-standard","has-post-thumbnail","hentry","category-caminhoes-munck"],"yoast_head":"<!-- This site is optimized with the Yoast SEO plugin v25.7 - https:\/\/yoast.com\/wordpress\/plugins\/seo\/ -->\n<title>Caminh\u00f5es Munck: Versatilidade e Precis\u00e3o na Movimenta\u00e7\u00e3o de Cargas Pesadas - Minax - Constru\u00e7\u00f5es e Minera\u00e7\u00e3o<\/title>\n<meta name=\"robots\" content=\"index, follow, max-snippet:-1, max-image-preview:large, max-video-preview:-1\" \/>\n<link rel=\"canonical\" href=\"https:\/\/minax.com.br\/site\/caminhao-munck-10t\/\" \/>\n<meta property=\"og:locale\" content=\"pt_BR\" \/>\n<meta property=\"og:type\" content=\"article\" \/>\n<meta property=\"og:title\" content=\"Caminh\u00f5es Munck: Versatilidade e Precis\u00e3o na Movimenta\u00e7\u00e3o de Cargas Pesadas - Minax - Constru\u00e7\u00f5es e Minera\u00e7\u00e3o\" \/>\n<meta property=\"og:description\" content=\"O Caminh\u00e3o Munck Madal 45007 \u00e9 a solu\u00e7\u00e3o ideal para eleva\u00e7\u00e3o e transporte de cargas pesadas em obras de infraestrutura, minera\u00e7\u00e3o, constru\u00e7\u00e3o civil e ind\u00fastrias. Com sua alta capacidade de i\u00e7amento e alcance estendido, ele proporciona seguran\u00e7a, agilidade e efici\u00eancia operacional em servi\u00e7os de movimenta\u00e7\u00e3o de materiais e equipamentos. Caracter\u00edsticas T\u00e9cnicas do Madal 45007 \ud83d\udd39 [&hellip;]\" \/>\n<meta property=\"og:url\" content=\"https:\/\/minax.com.br\/site\/caminhao-munck-10t\/\" \/>\n<meta property=\"og:site_name\" content=\"Minax - Constru\u00e7\u00f5es e Minera\u00e7\u00e3o\" \/>\n<meta property=\"article:publisher\" content=\"https:\/\/www.facebook.com\/minax.tcm\/\" \/>\n<meta property=\"article:published_time\" content=\"2022-10-21T18:25:43+00:00\" \/>\n<meta property=\"article:modified_time\" content=\"2025-02-10T13:46:13+00:00\" \/>\n<meta property=\"og:image\" content=\"https:\/\/minax.com.br\/site\/wp-content\/uploads\/2022\/10\/caminhao-munck.png\" \/>\n\t<meta property=\"og:image:width\" content=\"998\" \/>\n\t<meta property=\"og:image:height\" content=\"1000\" \/>\n\t<meta property=\"og:image:type\" content=\"image\/png\" \/>\n<meta name=\"author\" content=\"minax\" \/>\n<meta name=\"twitter:card\" content=\"summary_large_image\" \/>\n<meta name=\"twitter:label1\" content=\"Escrito por\" \/>\n\t<meta name=\"twitter:data1\" content=\"minax\" \/>\n\t<meta name=\"twitter:label2\" content=\"Est. tempo de leitura\" \/>\n\t<meta name=\"twitter:data2\" content=\"2 minutos\" \/>\n<script type=\"application\/ld+json\" class=\"yoast-schema-graph\">{\"@context\":\"https:\/\/schema.org\",\"@graph\":[{\"@type\":\"Article\",\"@id\":\"https:\/\/minax.com.br\/site\/caminhao-munck-10t\/#article\",\"isPartOf\":{\"@id\":\"https:\/\/minax.com.br\/site\/caminhao-munck-10t\/\"},\"author\":{\"name\":\"minax\",\"@id\":\"https:\/\/minax.com.br\/site\/#\/schema\/person\/0b5efae17bc0530b29509f0d00d46c9a\"},\"headline\":\"Caminh\u00f5es Munck: Versatilidade e Precis\u00e3o na Movimenta\u00e7\u00e3o de Cargas Pesadas\",\"datePublished\":\"2022-10-21T18:25:43+00:00\",\"dateModified\":\"2025-02-10T13:46:13+00:00\",\"mainEntityOfPage\":{\"@id\":\"https:\/\/minax.com.br\/site\/caminhao-munck-10t\/\"},\"wordCount\":318,\"commentCount\":0,\"publisher\":{\"@id\":\"https:\/\/minax.com.br\/site\/#organization\"},\"image\":{\"@id\":\"https:\/\/minax.com.br\/site\/caminhao-munck-10t\/#primaryimage\"},\"thumbnailUrl\":\"https:\/\/minax.com.br\/site\/wp-content\/uploads\/2022\/10\/caminhao-munck.png\",\"articleSection\":[\"Caminh\u00f5es Munck\"],\"inLanguage\":\"pt-BR\"},{\"@type\":\"WebPage\",\"@id\":\"https:\/\/minax.com.br\/site\/caminhao-munck-10t\/\",\"url\":\"https:\/\/minax.com.br\/site\/caminhao-munck-10t\/\",\"name\":\"Caminh\u00f5es Munck: Versatilidade e Precis\u00e3o na Movimenta\u00e7\u00e3o de Cargas Pesadas - Minax - Constru\u00e7\u00f5es e Minera\u00e7\u00e3o\",\"isPartOf\":{\"@id\":\"https:\/\/minax.com.br\/site\/#website\"},\"primaryImageOfPage\":{\"@id\":\"https:\/\/minax.com.br\/site\/caminhao-munck-10t\/#primaryimage\"},\"image\":{\"@id\":\"https:\/\/minax.com.br\/site\/caminhao-munck-10t\/#primaryimage\"},\"thumbnailUrl\":\"https:\/\/minax.com.br\/site\/wp-content\/uploads\/2022\/10\/caminhao-munck.png\",\"datePublished\":\"2022-10-21T18:25:43+00:00\",\"dateModified\":\"2025-02-10T13:46:13+00:00\",\"breadcrumb\":{\"@id\":\"https:\/\/minax.com.br\/site\/caminhao-munck-10t\/#breadcrumb\"},\"inLanguage\":\"pt-BR\",\"potentialAction\":[{\"@type\":\"ReadAction\",\"target\":[\"https:\/\/minax.com.br\/site\/caminhao-munck-10t\/\"]}]},{\"@type\":\"ImageObject\",\"inLanguage\":\"pt-BR\",\"@id\":\"https:\/\/minax.com.br\/site\/caminhao-munck-10t\/#primaryimage\",\"url\":\"https:\/\/minax.com.br\/site\/wp-content\/uploads\/2022\/10\/caminhao-munck.png\",\"contentUrl\":\"https:\/\/minax.com.br\/site\/wp-content\/uploads\/2022\/10\/caminhao-munck.png\",\"width\":998,\"height\":1000},{\"@type\":\"BreadcrumbList\",\"@id\":\"https:\/\/minax.com.br\/site\/caminhao-munck-10t\/#breadcrumb\",\"itemListElement\":[{\"@type\":\"ListItem\",\"position\":1,\"name\":\"In\u00edcio\",\"item\":\"https:\/\/minax.com.br\/site\/\"},{\"@type\":\"ListItem\",\"position\":2,\"name\":\"Caminh\u00f5es Munck: Versatilidade e Precis\u00e3o na Movimenta\u00e7\u00e3o de Cargas Pesadas\"}]},{\"@type\":\"WebSite\",\"@id\":\"https:\/\/minax.com.br\/site\/#website\",\"url\":\"https:\/\/minax.com.br\/site\/\",\"name\":\"Minax - Constru\u00e7\u00f5es e Minera\u00e7\u00e3o\",\"description\":\"Loca\u00e7\u00e3o de M\u00e1quina Pesada, Loca\u00e7\u00e3o de Escavadeira, Loca\u00e7\u00e3o de Caminh\u00e3o Articulado, Loca\u00e7\u00e3o de Caminh\u00e3o 8x4, Loca\u00e7\u00e3o de Trator de Esteira, Loca\u00e7\u00e3o de Motoniveladora\",\"publisher\":{\"@id\":\"https:\/\/minax.com.br\/site\/#organization\"},\"alternateName\":\"Minax\",\"potentialAction\":[{\"@type\":\"SearchAction\",\"target\":{\"@type\":\"EntryPoint\",\"urlTemplate\":\"https:\/\/minax.com.br\/site\/?s={search_term_string}\"},\"query-input\":{\"@type\":\"PropertyValueSpecification\",\"valueRequired\":true,\"valueName\":\"search_term_string\"}}],\"inLanguage\":\"pt-BR\"},{\"@type\":\"Organization\",\"@id\":\"https:\/\/minax.com.br\/site\/#organization\",\"name\":\"Minax - Constru\u00e7\u00f5es e Minera\u00e7\u00e3o\",\"alternateName\":\"Minax\",\"url\":\"https:\/\/minax.com.br\/site\/\",\"logo\":{\"@type\":\"ImageObject\",\"inLanguage\":\"pt-BR\",\"@id\":\"https:\/\/minax.com.br\/site\/#\/schema\/logo\/image\/\",\"url\":\"https:\/\/minax.com.br\/site\/wp-content\/uploads\/2024\/02\/LOGO_MINAX.png\",\"contentUrl\":\"https:\/\/minax.com.br\/site\/wp-content\/uploads\/2024\/02\/LOGO_MINAX.png\",\"width\":313,\"height\":79,\"caption\":\"Minax - Constru\u00e7\u00f5es e Minera\u00e7\u00e3o\"},\"image\":{\"@id\":\"https:\/\/minax.com.br\/site\/#\/schema\/logo\/image\/\"},\"sameAs\":[\"https:\/\/www.facebook.com\/minax.tcm\/\",\"https:\/\/www.instagram.com\/minax.tcm\",\"https:\/\/www.linkedin.com\/company\/minax-transportes-construcoes-pesadas-e-mineracao\"]},{\"@type\":\"Person\",\"@id\":\"https:\/\/minax.com.br\/site\/#\/schema\/person\/0b5efae17bc0530b29509f0d00d46c9a\",\"name\":\"minax\",\"image\":{\"@type\":\"ImageObject\",\"inLanguage\":\"pt-BR\",\"@id\":\"https:\/\/minax.com.br\/site\/#\/schema\/person\/image\/\",\"url\":\"https:\/\/secure.gravatar.com\/avatar\/b8d149fdbd9b9d191dd90aa8ce822aeec16aabea1996c7f7f86184eb84d5ce0e?s=96&d=mm&r=g\",\"contentUrl\":\"https:\/\/secure.gravatar.com\/avatar\/b8d149fdbd9b9d191dd90aa8ce822aeec16aabea1996c7f7f86184eb84d5ce0e?s=96&d=mm&r=g\",\"caption\":\"minax\"},\"sameAs\":[\"http:\/\/minax.com.br\/site\"],\"url\":\"https:\/\/minax.com.br\/site\/author\/minax\/\"}]}<\/script>\n<!-- \/ Yoast SEO plugin. -->","yoast_head_json":{"title":"Caminh\u00f5es Munck: Versatilidade e Precis\u00e3o na Movimenta\u00e7\u00e3o de Cargas Pesadas - Minax - Constru\u00e7\u00f5es e Minera\u00e7\u00e3o","robots":{"index":"index","follow":"follow","max-snippet":"max-snippet:-1","max-image-preview":"max-image-preview:large","max-video-preview":"max-video-preview:-1"},"canonical":"https:\/\/minax.com.br\/site\/caminhao-munck-10t\/","og_locale":"pt_BR","og_type":"article","og_title":"Caminh\u00f5es Munck: Versatilidade e Precis\u00e3o na Movimenta\u00e7\u00e3o de Cargas Pesadas - Minax - Constru\u00e7\u00f5es e Minera\u00e7\u00e3o","og_description":"O Caminh\u00e3o Munck Madal 45007 \u00e9 a solu\u00e7\u00e3o ideal para eleva\u00e7\u00e3o e transporte de cargas pesadas em obras de infraestrutura, minera\u00e7\u00e3o, constru\u00e7\u00e3o civil e ind\u00fastrias. Com sua alta capacidade de i\u00e7amento e alcance estendido, ele proporciona seguran\u00e7a, agilidade e efici\u00eancia operacional em servi\u00e7os de movimenta\u00e7\u00e3o de materiais e equipamentos. Caracter\u00edsticas T\u00e9cnicas do Madal 45007 \ud83d\udd39 [&hellip;]","og_url":"https:\/\/minax.com.br\/site\/caminhao-munck-10t\/","og_site_name":"Minax - Constru\u00e7\u00f5es e Minera\u00e7\u00e3o","article_publisher":"https:\/\/www.facebook.com\/minax.tcm\/","article_published_time":"2022-10-21T18:25:43+00:00","article_modified_time":"2025-02-10T13:46:13+00:00","og_image":[{"width":998,"height":1000,"url":"https:\/\/minax.com.br\/site\/wp-content\/uploads\/2022\/10\/caminhao-munck.png","type":"image\/png"}],"author":"minax","twitter_card":"summary_large_image","twitter_misc":{"Escrito por":"minax","Est. tempo de leitura":"2 minutos"},"schema":{"@context":"https:\/\/schema.org","@graph":[{"@type":"Article","@id":"https:\/\/minax.com.br\/site\/caminhao-munck-10t\/#article","isPartOf":{"@id":"https:\/\/minax.com.br\/site\/caminhao-munck-10t\/"},"author":{"name":"minax","@id":"https:\/\/minax.com.br\/site\/#\/schema\/person\/0b5efae17bc0530b29509f0d00d46c9a"},"headline":"Caminh\u00f5es Munck: Versatilidade e Precis\u00e3o na Movimenta\u00e7\u00e3o de Cargas Pesadas","datePublished":"2022-10-21T18:25:43+00:00","dateModified":"2025-02-10T13:46:13+00:00","mainEntityOfPage":{"@id":"https:\/\/minax.com.br\/site\/caminhao-munck-10t\/"},"wordCount":318,"commentCount":0,"publisher":{"@id":"https:\/\/minax.com.br\/site\/#organization"},"image":{"@id":"https:\/\/minax.com.br\/site\/caminhao-munck-10t\/#primaryimage"},"thumbnailUrl":"https:\/\/minax.com.br\/site\/wp-content\/uploads\/2022\/10\/caminhao-munck.png","articleSection":["Caminh\u00f5es Munck"],"inLanguage":"pt-BR"},{"@type":"WebPage","@id":"https:\/\/minax.com.br\/site\/caminhao-munck-10t\/","url":"https:\/\/minax.com.br\/site\/caminhao-munck-10t\/","name":"Caminh\u00f5es Munck: Versatilidade e Precis\u00e3o na Movimenta\u00e7\u00e3o de Cargas Pesadas - Minax - Constru\u00e7\u00f5es e Minera\u00e7\u00e3o","isPartOf":{"@id":"https:\/\/minax.com.br\/site\/#website"},"primaryImageOfPage":{"@id":"https:\/\/minax.com.br\/site\/caminhao-munck-10t\/#primaryimage"},"image":{"@id":"https:\/\/minax.com.br\/site\/caminhao-munck-10t\/#primaryimage"},"thumbnailUrl":"https:\/\/minax.com.br\/site\/wp-content\/uploads\/2022\/10\/caminhao-munck.png","datePublished":"2022-10-21T18:25:43+00:00","dateModified":"2025-02-10T13:46:13+00:00","breadcrumb":{"@id":"https:\/\/minax.com.br\/site\/caminhao-munck-10t\/#breadcrumb"},"inLanguage":"pt-BR","potentialAction":[{"@type":"ReadAction","target":["https:\/\/minax.com.br\/site\/caminhao-munck-10t\/"]}]},{"@type":"ImageObject","inLanguage":"pt-BR","@id":"https:\/\/minax.com.br\/site\/caminhao-munck-10t\/#primaryimage","url":"https:\/\/minax.com.br\/site\/wp-content\/uploads\/2022\/10\/caminhao-munck.png","contentUrl":"https:\/\/minax.com.br\/site\/wp-content\/uploads\/2022\/10\/caminhao-munck.png","width":998,"height":1000},{"@type":"BreadcrumbList","@id":"https:\/\/minax.com.br\/site\/caminhao-munck-10t\/#breadcrumb","itemListElement":[{"@type":"ListItem","position":1,"name":"In\u00edcio","item":"https:\/\/minax.com.br\/site\/"},{"@type":"ListItem","position":2,"name":"Caminh\u00f5es Munck: Versatilidade e Precis\u00e3o na Movimenta\u00e7\u00e3o de Cargas Pesadas"}]},{"@type":"WebSite","@id":"https:\/\/minax.com.br\/site\/#website","url":"https:\/\/minax.com.br\/site\/","name":"Minax - Constru\u00e7\u00f5es e Minera\u00e7\u00e3o","description":"Loca\u00e7\u00e3o de M\u00e1quina Pesada, Loca\u00e7\u00e3o de Escavadeira, Loca\u00e7\u00e3o de Caminh\u00e3o Articulado, Loca\u00e7\u00e3o de Caminh\u00e3o 8x4, Loca\u00e7\u00e3o de Trator de Esteira, Loca\u00e7\u00e3o de Motoniveladora","publisher":{"@id":"https:\/\/minax.com.br\/site\/#organization"},"alternateName":"Minax","potentialAction":[{"@type":"SearchAction","target":{"@type":"EntryPoint","urlTemplate":"https:\/\/minax.com.br\/site\/?s={search_term_string}"},"query-input":{"@type":"PropertyValueSpecification","valueRequired":true,"valueName":"search_term_string"}}],"inLanguage":"pt-BR"},{"@type":"Organization","@id":"https:\/\/minax.com.br\/site\/#organization","name":"Minax - Constru\u00e7\u00f5es e Minera\u00e7\u00e3o","alternateName":"Minax","url":"https:\/\/minax.com.br\/site\/","logo":{"@type":"ImageObject","inLanguage":"pt-BR","@id":"https:\/\/minax.com.br\/site\/#\/schema\/logo\/image\/","url":"https:\/\/minax.com.br\/site\/wp-content\/uploads\/2024\/02\/LOGO_MINAX.png","contentUrl":"https:\/\/minax.com.br\/site\/wp-content\/uploads\/2024\/02\/LOGO_MINAX.png","width":313,"height":79,"caption":"Minax - Constru\u00e7\u00f5es e Minera\u00e7\u00e3o"},"image":{"@id":"https:\/\/minax.com.br\/site\/#\/schema\/logo\/image\/"},"sameAs":["https:\/\/www.facebook.com\/minax.tcm\/","https:\/\/www.instagram.com\/minax.tcm","https:\/\/www.linkedin.com\/company\/minax-transportes-construcoes-pesadas-e-mineracao"]},{"@type":"Person","@id":"https:\/\/minax.com.br\/site\/#\/schema\/person\/0b5efae17bc0530b29509f0d00d46c9a","name":"minax","image":{"@type":"ImageObject","inLanguage":"pt-BR","@id":"https:\/\/minax.com.br\/site\/#\/schema\/person\/image\/","url":"https:\/\/secure.gravatar.com\/avatar\/b8d149fdbd9b9d191dd90aa8ce822aeec16aabea1996c7f7f86184eb84d5ce0e?s=96&d=mm&r=g","contentUrl":"https:\/\/secure.gravatar.com\/avatar\/b8d149fdbd9b9d191dd90aa8ce822aeec16aabea1996c7f7f86184eb84d5ce0e?s=96&d=mm&r=g","caption":"minax"},"sameAs":["http:\/\/minax.com.br\/site"],"url":"https:\/\/minax.com.br\/site\/author\/minax\/"}]}},"_links":{"self":[{"href":"https:\/\/minax.com.br\/site\/wp-json\/wp\/v2\/posts\/1179","targetHints":{"allow":["GET"]}}],"collection":[{"href":"https:\/\/minax.com.br\/site\/wp-json\/wp\/v2\/posts"}],"about":[{"href":"https:\/\/minax.com.br\/site\/wp-json\/wp\/v2\/types\/post"}],"author":[{"embeddable":true,"href":"https:\/\/minax.com.br\/site\/wp-json\/wp\/v2\/users\/1"}],"replies":[{"embeddable":true,"href":"https:\/\/minax.com.br\/site\/wp-json\/wp\/v2\/comments?post=1179"}],"version-history":[{"count":5,"href":"https:\/\/minax.com.br\/site\/wp-json\/wp\/v2\/posts\/1179\/revisions"}],"predecessor-version":[{"id":1469,"href":"https:\/\/minax.com.br\/site\/wp-json\/wp\/v2\/posts\/1179\/revisions\/1469"}],"wp:featuredmedia":[{"embeddable":true,"href":"https:\/\/minax.com.br\/site\/wp-json\/wp\/v2\/media\/1260"}],"wp:attachment":[{"href":"https:\/\/minax.com.br\/site\/wp-json\/wp\/v2\/media?parent=1179"}],"wp:term":[{"taxonomy":"category","embeddable":true,"href":"https:\/\/minax.com.br\/site\/wp-json\/wp\/v2\/categories?post=1179"},{"taxonomy":"post_tag","embeddable":true,"href":"https:\/\/minax.com.br\/site\/wp-json\/wp\/v2\/tags?post=1179"}],"curies":[{"name":"wp","href":"https:\/\/api.w.org\/{rel}","templated":true}]}}