{"id":1665,"date":"2025-06-17T08:00:00","date_gmt":"2025-06-17T11:00:00","guid":{"rendered":"http:\/\/minax.com.br\/site\/?p=1665"},"modified":"2026-01-30T12:41:48","modified_gmt":"2026-01-30T15:41:48","slug":"entenda-como-o-caminhao-articulado-e-usado-na-mineracao","status":"publish","type":"post","link":"https:\/\/minax.com.br\/site\/entenda-como-o-caminhao-articulado-e-usado-na-mineracao\/","title":{"rendered":"Entenda como o caminh\u00e3o articulado \u00e9 usado na minera\u00e7\u00e3o"},"content":{"rendered":"\n<p>O caminh\u00e3o articulado \u00e9 um equipamento vers\u00e1til e utilizado amplamente em diversos setores que exigem transporte pesado e eficiente em terrenos dif\u00edceis. Seu design flex\u00edvel e robusto permite o deslocamento de grandes cargas em condi\u00e7\u00f5es desafiadoras, garantindo produtividade e seguran\u00e7a nas opera\u00e7\u00f5es.<\/p>\n\n\n\n<p>Seja no agroneg\u00f3cio, na minera\u00e7\u00e3o ou at\u00e9 na constru\u00e7\u00e3o civil, esses ve\u00edculos desempenham papel muito importante ao otimizar o transporte de materiais, reduzindo custos e tempo de cada opera\u00e7\u00e3o. Entender suas caracter\u00edsticas e onde ele pode ser usado \u00e9 importante para aproveitar ao m\u00e1ximo seu potencial.<\/p>\n\n\n\n<h2 class=\"wp-block-heading\">O que \u00e9 um caminh\u00e3o articulado?<\/h2>\n\n\n\n<p>O caminh\u00e3o articulado \u00e9 um ve\u00edculo de transporte pesado projetado para operar em terrenos dif\u00edceis e condi\u00e7\u00f5es adversas. Assim, eles s\u00e3o <strong>capazes de rodar em solos irregulares<\/strong>, como \u00e9 o caso de minas, obras de infraestrutura e pedreiras.<br>Diferente dos caminh\u00f5es tradicionais, que trabalham com uma estrutura r\u00edgida, o articulado possui uma junta (tamb\u00e9m chamada de articula\u00e7\u00e3o) entre a cabine e a ca\u00e7amba, o que proporciona maior flexibilidade de movimento e tra\u00e7\u00e3o em terrenos irregulares.<br>Essa caracter\u00edstica o torna uma solu\u00e7\u00e3o ideal para opera\u00e7\u00f5es fora de estrada, especialmente em ambientes de minera\u00e7\u00e3o, constru\u00e7\u00e3o pesada e terraplenagem.<\/p>\n\n\n\n<p>Na pr\u00e1tica, o caminh\u00e3o articulado \u00e9 uma m\u00e1quina fundamental para o <strong>transporte de grandes volumes de materiais como min\u00e9rio, est\u00e9ril e solo<\/strong> removido. Sua capacidade de mobilidade, mesmo sob condi\u00e7\u00f5es adversas, \u00e9 uma de suas principais vantagens, e garante produtividade e seguran\u00e7a.&nbsp;<\/p>\n\n\n\n<p>Al\u00e9m disso, o design robusto e a suspens\u00e3o adaptada permitem que o equipamento mantenha estabilidade mesmo transportando altas cargas, o que reduz o risco de tombamento e otimiza a opera\u00e7\u00e3o geral.<\/p>\n\n\n\n<h2 class=\"wp-block-heading\">Como \u00e9 a estrutura?<\/h2>\n\n\n\n<p>A estrutura de um caminh\u00e3o articulado \u00e9 <strong>bipartida<\/strong>, ou seja, composta por duas partes principais: o <strong>\u201ctractor\u201d (parte frontal) e a \u201ccarreta\u201d (parte traseira)<\/strong>.<\/p>\n\n\n\n<p>O ponto central entre esses dois m\u00f3dulos \u00e9 uma articula\u00e7\u00e3o robusta, geralmente hidr\u00e1ulica, que permite ao ve\u00edculo dobrar-se em rela\u00e7\u00e3o ao eixo vertical e girar lateralmente. Isso proporciona liberdade de movimento e facilidade de manobra, mesmo em curvas fechadas ou aclives acentuados.<\/p>\n\n\n\n<p>Na parte frontal, encontram-se a cabine do operador e os sistemas de controle e dire\u00e7\u00e3o. J\u00e1 a parte traseira \u00e9 composta por uma ca\u00e7amba basculante de grande capacidade, que recebe os materiais transportados.<\/p>\n\n\n\n<p>A suspens\u00e3o refor\u00e7ada e os eixos m\u00faltiplos contribuem para a estabilidade e a capacidade de carga, enquanto os pneus largos com tra\u00e7\u00e3o refor\u00e7ada garantem ader\u00eancia em superf\u00edcies irregulares, como \u00e1reas com lama, cascalho ou at\u00e9 em solos pouco compactados.<\/p>\n\n\n\n<h2 class=\"wp-block-heading\">Como funciona um caminh\u00e3o articulado?<\/h2>\n\n\n\n<p>O funcionamento de um caminh\u00e3o articulado combina <strong>pot\u00eancia mec\u00e2nica, controle hidr\u00e1ulico e sistemas de seguran\u00e7a integrados<\/strong>. Ao acionar o motor, geralmente de alto desempenho e torque elevado, o operador direciona o ve\u00edculo por meio de um volante conectado ao sistema de articula\u00e7\u00e3o, que permite manobras precisas mesmo em espa\u00e7os estreitos.<\/p>\n\n\n\n<p>A articula\u00e7\u00e3o central permite que a cabine gire independentemente da traseira, facilitando o deslocamento em zigue-zague ou em solos desnivelados. O sistema de <strong>tra\u00e7\u00e3o integral (geralmente 6&#215;6 ou 8&#215;8)<\/strong> distribui a pot\u00eancia entre todos os eixos, permitindo ao caminh\u00e3o superar rampas, desn\u00edveis e buracos profundos sem perder estabilidade.<\/p>\n\n\n\n<p>A ca\u00e7amba \u00e9 operada por pist\u00f5es hidr\u00e1ulicos que permitem o despejo do material em locais previamente definidos. Em muitos modelos modernos, sensores e sistemas automatizados controlam a carga, monitoram o terreno e otimizam a efici\u00eancia operacional.<\/p>\n\n\n\n<h2 class=\"wp-block-heading\">Quais os tipos de caminh\u00f5es articulados mais usados?<\/h2>\n\n\n\n<p>Os dois tipos mais comuns de caminh\u00f5es articulados utilizados na minera\u00e7\u00e3o e constru\u00e7\u00e3o s\u00e3o os <strong>modelos 6&#215;4 e 8&#215;4<\/strong>. Os detalhes deles s\u00e3o:<\/p>\n\n\n\n<ul class=\"wp-block-list\">\n<li><strong>caminh\u00e3o articulado 6&#215;4 <\/strong>\u2014 esse ve\u00edculo possui tr\u00eas eixos, com dois traseiros e um dianteiro. Dois desses eixos s\u00e3o tracionados. \u00c9 ideal para opera\u00e7\u00f5es que exigem boa capacidade de carga e tra\u00e7\u00e3o, com menor custo operacional. Seu uso \u00e9 comum em terrenos moderadamente acidentados, oferecendo equil\u00edbrio entre desempenho e economia;<\/li>\n\n\n\n<li><strong>caminh\u00e3o articulado 8&#215;4 <\/strong>\u2014 j\u00e1 esse modelo conta com quatro eixos, sendo dois dianteiros e dois traseiros. Esse modelo oferece maior capacidade de carga e estabilidade superior em terrenos acidentados. \u00c9 indicado para opera\u00e7\u00f5es intensas, como grandes minas a c\u00e9u aberto, onde o transporte de toneladas de material por viagem \u00e9 fundamental para a produtividade.<\/li>\n<\/ul>\n\n\n\n<p>\u00c9 importante lembrar que a escolha entre esses modelos depende das necessidades do projeto, do tipo de solo e da dist\u00e2ncia de transporte dentro da opera\u00e7\u00e3o.<\/p>\n\n\n\n<h2 class=\"wp-block-heading\">Quais s\u00e3o as aplica\u00e7\u00f5es do caminh\u00e3o articulado na minera\u00e7\u00e3o?<\/h2>\n\n\n\n<p>O caminh\u00e3o articulado \u00e9 uma pe\u00e7a-chave nos setores de constru\u00e7\u00e3o, minera\u00e7\u00e3o e em diversas opera\u00e7\u00f5es industriais que exigem transporte eficiente em ambientes hostis.<\/p>\n\n\n\n<p>Com alta capacidade de carga, desempenho confi\u00e1vel em terrenos irregulares e excelente manobrabilidade, esse equipamento se destaca por aliar produtividade a redu\u00e7\u00e3o de custos operacionais, sendo essencial em opera\u00e7\u00f5es de grande porte.<\/p>\n\n\n\n<p>Dentro da minera\u00e7\u00e3o, suas principais aplica\u00e7\u00f5es incluem:<\/p>\n\n\n\n<ul class=\"wp-block-list\">\n<li><strong>transporte de est\u00e9ril e min\u00e9rio <\/strong>\u2014 uma das tarefas mais comuns \u00e9 o deslocamento de materiais extra\u00eddos da frente de lavra at\u00e9 as \u00e1reas de processamento ou descarte. Gra\u00e7as \u00e0 sua robustez, os caminh\u00f5es articulados conseguem transportar grandes volumes em menos viagens.<\/li>\n\n\n\n<li><strong>deslocamento de materiais de desmonte <\/strong>\u2014 ap\u00f3s o processo de detona\u00e7\u00e3o de rochas, os articulados s\u00e3o usados para transportar os detritos at\u00e9 as \u00e1reas de triagem e\/ou britagem;<\/li>\n\n\n\n<li><strong>opera\u00e7\u00f5es em terrenos irregulares <\/strong>\u2014 como a articula\u00e7\u00e3o e a tra\u00e7\u00e3o avan\u00e7ada s\u00e3o caracter\u00edsticas desse ve\u00edculo, esses caminh\u00f5es podem operar com seguran\u00e7a em solos acidentados, inclinados, enlameados ou com baixa compacta\u00e7\u00e3o, onde ve\u00edculos convencionais n\u00e3o conseguiriam atuar.<\/li>\n\n\n\n<li><strong>minas a c\u00e9u aberto<\/strong> \u2014 os caminh\u00f5es articulados s\u00e3o amplamente utilizados em minas a c\u00e9u aberto devido \u00e0 sua versatilidade. Eles se adaptam \u00e0s mudan\u00e7as constantes do terreno e \u00e0 necessidade de acessar \u00e1reas de dif\u00edcil alcance;<\/li>\n\n\n\n<li><strong>transporte de material de cobertura<\/strong> \u2014 s\u00e3o frequentemente empregados para movimentar camadas de solo ou rochas que cobrem os dep\u00f3sitos minerais, facilitando o acesso ao min\u00e9rio;<\/li>\n\n\n\n<li><strong>apoio em \u00e1reas de infraestrutura da mina<\/strong> \u2014 podem ser utilizados para transportar insumos, equipamentos e res\u00edduos dentro da pr\u00f3pria estrutura operacional da minera\u00e7\u00e3o, como vias de acesso, p\u00e1tios e oficinas.<\/li>\n<\/ul>\n\n\n\n<h2 class=\"wp-block-heading\">Quais s\u00e3o as vantagens t\u00e9cnicas?<\/h2>\n\n\n\n<p>Os caminh\u00f5es articulados oferecem uma s\u00e9rie de vantagens t\u00e9cnicas que justificam seu uso intensivo na minera\u00e7\u00e3o e em outras atividades. Vamos conhecer as principais:<\/p>\n\n\n\n<ul class=\"wp-block-list\">\n<li><strong>alta capacidade de tra\u00e7\u00e3o <\/strong>\u2014 o<strong> <\/strong>sistema de tra\u00e7\u00e3o integral garante que o caminh\u00e3o mantenha o controle e a movimenta\u00e7\u00e3o mesmo em solos inst\u00e1veis ou durante subidas \u00edngremes;<\/li>\n\n\n\n<li><strong>estabilidade em terrenos acidentados <\/strong>\u2014 a estrutura articulada permite que o ve\u00edculo se adapte ao relevo, mantendo a estabilidade mesmo quando uma parte do caminh\u00e3o est\u00e1 inclinada em rela\u00e7\u00e3o \u00e0 outra;<\/li>\n\n\n\n<li><strong>facilidade de manobra <\/strong>\u2014 a articula\u00e7\u00e3o central permite curvas fechadas e movimenta\u00e7\u00e3o em espa\u00e7os reduzidos, algo essencial em minas com acessos estreitos;<\/li>\n\n\n\n<li><strong>menor impacto ambiental <\/strong>\u2014 a efici\u00eancia no transporte reduz o n\u00famero de viagens necess\u00e1rias, diminuindo a emiss\u00e3o de gases poluentes. Al\u00e9m disso, alguns modelos modernos incluem tecnologias que reduzem o consumo de combust\u00edvel;<\/li>\n\n\n\n<li><strong>versatilidade de opera\u00e7\u00e3o <\/strong>\u2014 um \u00fanico caminh\u00e3o articulado pode ser usado em diferentes frentes de trabalho, o que reduz custos operacionais e log\u00edsticos.<\/li>\n<\/ul>\n\n\n\n<p>Todas essas caracter\u00edsticas, reunidas, resultam em maior produtividade, seguran\u00e7a operacional e economia de recursos a longo prazo.<\/p>\n\n\n\n<h2 class=\"wp-block-heading\">Como a tecnologia e inova\u00e7\u00e3o est\u00e3o envolvidas?<\/h2>\n\n\n\n<p>O avan\u00e7o tecnol\u00f3gico transformou os caminh\u00f5es articulados em m\u00e1quinas sofisticadas, seguras e altamente eficientes. A seguir, destacamos os principais eixos de inova\u00e7\u00e3o que v\u00eam otimizando o desempenho desses ve\u00edculos na minera\u00e7\u00e3o e em outras atividades off-road.<\/p>\n\n\n\n<h3 class=\"wp-block-heading\">Monitoramento remoto e telemetria<\/h3>\n\n\n\n<p>Os sistemas de telemetria permitem <strong>acompanhar em tempo real diversas vari\u00e1veis operacionais<\/strong>, como consumo de combust\u00edvel, press\u00e3o dos pneus, carga transportada e comportamento do operador. Esses dados s\u00e3o transmitidos para centrais de controle, onde equipes de manuten\u00e7\u00e3o e planejamento tomam decis\u00f5es estrat\u00e9gicas que aumentam a produtividade e reduzem o tempo de parada.<\/p>\n\n\n\n<p>Sistemas de seguran\u00e7a automatizados<\/p>\n\n\n\n<p>Tecnologias de seguran\u00e7a embarcada incluem sensores de inclina\u00e7\u00e3o, alarmes de sobrecarga, limitadores de velocidade e controle eletr\u00f4nico de estabilidade. Essas inova\u00e7\u00f5es<strong> reduzem significativamente o risco de acidentes<\/strong>, promovendo um ambiente mais seguro tanto para o operador quanto para a equipe ao redor.<\/p>\n\n\n\n<h3 class=\"wp-block-heading\">Simuladores de opera\u00e7\u00e3o<\/h3>\n\n\n\n<p>Os simuladores de opera\u00e7\u00e3o e s\u00e3o sofisticadas ferramentas de treinamento que replicam fielmente a experi\u00eancia de operar esses ve\u00edculos pesados em diversos cen\u00e1rios e condi\u00e7\u00f5es. Eles funcionam atrav\u00e9s da integra\u00e7\u00e3o de hardware e software especializados para criar um ambiente virtual imersivo e interativo.<\/p>\n\n\n\n<p>Algumas empresas j\u00e1 oferecem plataformas que recriam cen\u00e1rios de opera\u00e7\u00e3o em ambientes virtuais, o que permite que os profissionais treinem com seguran\u00e7a, aprendam a reagir a falhas t\u00e9cnicas e melhorem suas habilidades sem comprometer equipamentos reais.<\/p>\n\n\n\n<h3 class=\"wp-block-heading\">Efici\u00eancia energ\u00e9tica e motores modernos<\/h3>\n\n\n\n<p>Os motores atuais s\u00e3o projetados para oferecer alto desempenho com menor consumo. Sistemas de controle eletr\u00f4nico otimizam a queima de combust\u00edvel, e h\u00e1 modelos com tecnologias h\u00edbridas ou prontos para combust\u00edveis de menor impacto ambiental. Isso resulta em maior autonomia e menor emiss\u00e3o de gases poluentes.<\/p>\n\n\n\n<h3 class=\"wp-block-heading\">Integra\u00e7\u00e3o com sistemas de gest\u00e3o de mina<\/h3>\n\n\n\n<p>Os caminh\u00f5es articulados mais modernos s\u00e3o compat\u00edveis com plataformas de gest\u00e3o de mina que organizam rotas, <strong>definem prioridades de carregamento e otimizam o ciclo operacional<\/strong>. Essa integra\u00e7\u00e3o permite uma coordena\u00e7\u00e3o mais precisa entre equipamentos e aumenta a efici\u00eancia geral do sistema log\u00edstico da opera\u00e7\u00e3o.<\/p>\n\n\n\n<p>Todas essas inova\u00e7\u00f5es, trabalhando em conjunto, fazem com que os caminh\u00f5es articulados se tornem protagonistas de uma nova era na minera\u00e7\u00e3o. Isso porque os modelos mais modernos aliam a alta capacidade mec\u00e2nica \u00e0 intelig\u00eancia digital.<\/p>\n\n\n\n<p>Para entender mais sobre esse e outros maquin\u00e1rios pesados, <a href=\"https:\/\/minax.com.br\/site\/\">acompanhe o site da Minax<\/a>!<br><\/p>\n\n\n\n<figure class=\"wp-block-image size-full is-resized\"><img fetchpriority=\"high\" decoding=\"async\" width=\"671\" height=\"2560\" src=\"https:\/\/minax.com.br\/site\/wp-content\/uploads\/2025\/06\/Infografico-O-importante-papel-do-caminhao-articulado-01-1-scaled.jpg\" alt=\"Infogr\u00e1fico - O importante papel do caminh\u00e3o articulado-01 (1)\" class=\"wp-image-1666\" style=\"width:840px;height:auto\" srcset=\"https:\/\/minax.com.br\/site\/wp-content\/uploads\/2025\/06\/Infografico-O-importante-papel-do-caminhao-articulado-01-1-scaled.jpg 671w, https:\/\/minax.com.br\/site\/wp-content\/uploads\/2025\/06\/Infografico-O-importante-papel-do-caminhao-articulado-01-1-79x300.jpg 79w, https:\/\/minax.com.br\/site\/wp-content\/uploads\/2025\/06\/Infografico-O-importante-papel-do-caminhao-articulado-01-1-537x2048.jpg 537w\" sizes=\"(max-width: 671px) 100vw, 671px\" \/><\/figure>\n","protected":false},"excerpt":{"rendered":"<p>O caminh\u00e3o articulado \u00e9 um equipamento vers\u00e1til e utilizado amplamente em diversos setores que exigem transporte pesado e eficiente em terrenos dif\u00edceis. Seu design flex\u00edvel e robusto permite o deslocamento de grandes cargas em condi\u00e7\u00f5es desafiadoras, garantindo produtividade e seguran\u00e7a nas opera\u00e7\u00f5es. Seja no agroneg\u00f3cio, na minera\u00e7\u00e3o ou at\u00e9 na constru\u00e7\u00e3o civil, esses ve\u00edculos desempenham [&hellip;]<\/p>\n","protected":false},"author":3,"featured_media":1669,"comment_status":"closed","ping_status":"closed","sticky":false,"template":"","format":"standard","meta":{"footnotes":""},"categories":[11],"tags":[],"class_list":["post-1665","post","type-post","status-publish","format-standard","has-post-thumbnail","hentry","category-blog"],"yoast_head":"<!-- This site is optimized with the Yoast SEO plugin v25.7 - https:\/\/yoast.com\/wordpress\/plugins\/seo\/ -->\n<title>Entenda como o caminh\u00e3o articulado \u00e9 usado na minera\u00e7\u00e3o - Minax - Constru\u00e7\u00f5es e Minera\u00e7\u00e3o<\/title>\n<meta name=\"description\" content=\"Saiba o que \u00e9 um caminh\u00e3o articulado e como ele otimiza a minera\u00e7\u00e3o, a constru\u00e7\u00e3o civil e outros setores.\" \/>\n<meta name=\"robots\" content=\"index, follow, max-snippet:-1, max-image-preview:large, max-video-preview:-1\" \/>\n<link rel=\"canonical\" href=\"https:\/\/minax.com.br\/site\/entenda-como-o-caminhao-articulado-e-usado-na-mineracao\/\" \/>\n<meta property=\"og:locale\" content=\"pt_BR\" \/>\n<meta property=\"og:type\" content=\"article\" \/>\n<meta property=\"og:title\" content=\"Entenda como o caminh\u00e3o articulado \u00e9 usado na minera\u00e7\u00e3o - Minax - Constru\u00e7\u00f5es e Minera\u00e7\u00e3o\" \/>\n<meta property=\"og:description\" content=\"Saiba o que \u00e9 um caminh\u00e3o articulado e como ele otimiza a minera\u00e7\u00e3o, a constru\u00e7\u00e3o civil e outros setores.\" \/>\n<meta property=\"og:url\" content=\"https:\/\/minax.com.br\/site\/entenda-como-o-caminhao-articulado-e-usado-na-mineracao\/\" \/>\n<meta property=\"og:site_name\" content=\"Minax - Constru\u00e7\u00f5es e Minera\u00e7\u00e3o\" \/>\n<meta property=\"article:publisher\" content=\"https:\/\/www.facebook.com\/minax.tcm\/\" \/>\n<meta property=\"article:published_time\" content=\"2025-06-17T11:00:00+00:00\" \/>\n<meta property=\"article:modified_time\" content=\"2026-01-30T15:41:48+00:00\" \/>\n<meta property=\"og:image\" content=\"https:\/\/minax.com.br\/site\/wp-content\/uploads\/2025\/06\/Caminhoes-articulados_-a-evolucao-dos-gigantes-2-1024x683.jpeg\" \/>\n\t<meta property=\"og:image:width\" content=\"1024\" \/>\n\t<meta property=\"og:image:height\" content=\"683\" \/>\n\t<meta property=\"og:image:type\" content=\"image\/jpeg\" \/>\n<meta name=\"author\" content=\"Minax\" \/>\n<meta name=\"twitter:card\" content=\"summary_large_image\" \/>\n<meta name=\"twitter:label1\" content=\"Escrito por\" \/>\n\t<meta name=\"twitter:data1\" content=\"Minax\" \/>\n\t<meta name=\"twitter:label2\" content=\"Est. tempo de leitura\" \/>\n\t<meta name=\"twitter:data2\" content=\"9 minutos\" \/>\n<script type=\"application\/ld+json\" class=\"yoast-schema-graph\">{\"@context\":\"https:\/\/schema.org\",\"@graph\":[{\"@type\":\"Article\",\"@id\":\"https:\/\/minax.com.br\/site\/entenda-como-o-caminhao-articulado-e-usado-na-mineracao\/#article\",\"isPartOf\":{\"@id\":\"https:\/\/minax.com.br\/site\/entenda-como-o-caminhao-articulado-e-usado-na-mineracao\/\"},\"author\":{\"name\":\"Minax\",\"@id\":\"https:\/\/minax.com.br\/site\/#\/schema\/person\/671a22ccc4ba3798cd154b42912d761a\"},\"headline\":\"Entenda como o caminh\u00e3o articulado \u00e9 usado na minera\u00e7\u00e3o\",\"datePublished\":\"2025-06-17T11:00:00+00:00\",\"dateModified\":\"2026-01-30T15:41:48+00:00\",\"mainEntityOfPage\":{\"@id\":\"https:\/\/minax.com.br\/site\/entenda-como-o-caminhao-articulado-e-usado-na-mineracao\/\"},\"wordCount\":1741,\"publisher\":{\"@id\":\"https:\/\/minax.com.br\/site\/#organization\"},\"image\":{\"@id\":\"https:\/\/minax.com.br\/site\/entenda-como-o-caminhao-articulado-e-usado-na-mineracao\/#primaryimage\"},\"thumbnailUrl\":\"https:\/\/minax.com.br\/site\/wp-content\/uploads\/2025\/06\/Caminhoes-articulados_-a-evolucao-dos-gigantes-2.jpeg\",\"articleSection\":[\"Blog\"],\"inLanguage\":\"pt-BR\"},{\"@type\":\"WebPage\",\"@id\":\"https:\/\/minax.com.br\/site\/entenda-como-o-caminhao-articulado-e-usado-na-mineracao\/\",\"url\":\"https:\/\/minax.com.br\/site\/entenda-como-o-caminhao-articulado-e-usado-na-mineracao\/\",\"name\":\"Entenda como o caminh\u00e3o articulado \u00e9 usado na minera\u00e7\u00e3o - Minax - Constru\u00e7\u00f5es e Minera\u00e7\u00e3o\",\"isPartOf\":{\"@id\":\"https:\/\/minax.com.br\/site\/#website\"},\"primaryImageOfPage\":{\"@id\":\"https:\/\/minax.com.br\/site\/entenda-como-o-caminhao-articulado-e-usado-na-mineracao\/#primaryimage\"},\"image\":{\"@id\":\"https:\/\/minax.com.br\/site\/entenda-como-o-caminhao-articulado-e-usado-na-mineracao\/#primaryimage\"},\"thumbnailUrl\":\"https:\/\/minax.com.br\/site\/wp-content\/uploads\/2025\/06\/Caminhoes-articulados_-a-evolucao-dos-gigantes-2.jpeg\",\"datePublished\":\"2025-06-17T11:00:00+00:00\",\"dateModified\":\"2026-01-30T15:41:48+00:00\",\"description\":\"Saiba o que \u00e9 um caminh\u00e3o articulado e como ele otimiza a minera\u00e7\u00e3o, a constru\u00e7\u00e3o civil e outros setores.\",\"breadcrumb\":{\"@id\":\"https:\/\/minax.com.br\/site\/entenda-como-o-caminhao-articulado-e-usado-na-mineracao\/#breadcrumb\"},\"inLanguage\":\"pt-BR\",\"potentialAction\":[{\"@type\":\"ReadAction\",\"target\":[\"https:\/\/minax.com.br\/site\/entenda-como-o-caminhao-articulado-e-usado-na-mineracao\/\"]}]},{\"@type\":\"ImageObject\",\"inLanguage\":\"pt-BR\",\"@id\":\"https:\/\/minax.com.br\/site\/entenda-como-o-caminhao-articulado-e-usado-na-mineracao\/#primaryimage\",\"url\":\"https:\/\/minax.com.br\/site\/wp-content\/uploads\/2025\/06\/Caminhoes-articulados_-a-evolucao-dos-gigantes-2.jpeg\",\"contentUrl\":\"https:\/\/minax.com.br\/site\/wp-content\/uploads\/2025\/06\/Caminhoes-articulados_-a-evolucao-dos-gigantes-2.jpeg\",\"width\":2121,\"height\":1414,\"caption\":\"caminh\u00e3o articulado\"},{\"@type\":\"BreadcrumbList\",\"@id\":\"https:\/\/minax.com.br\/site\/entenda-como-o-caminhao-articulado-e-usado-na-mineracao\/#breadcrumb\",\"itemListElement\":[{\"@type\":\"ListItem\",\"position\":1,\"name\":\"In\u00edcio\",\"item\":\"https:\/\/minax.com.br\/site\/\"},{\"@type\":\"ListItem\",\"position\":2,\"name\":\"Entenda como o caminh\u00e3o articulado \u00e9 usado na minera\u00e7\u00e3o\"}]},{\"@type\":\"WebSite\",\"@id\":\"https:\/\/minax.com.br\/site\/#website\",\"url\":\"https:\/\/minax.com.br\/site\/\",\"name\":\"Minax - Constru\u00e7\u00f5es e Minera\u00e7\u00e3o\",\"description\":\"Loca\u00e7\u00e3o de M\u00e1quina Pesada, Loca\u00e7\u00e3o de Escavadeira, Loca\u00e7\u00e3o de Caminh\u00e3o Articulado, Loca\u00e7\u00e3o de Caminh\u00e3o 8x4, Loca\u00e7\u00e3o de Trator de Esteira, Loca\u00e7\u00e3o de Motoniveladora\",\"publisher\":{\"@id\":\"https:\/\/minax.com.br\/site\/#organization\"},\"alternateName\":\"Minax\",\"potentialAction\":[{\"@type\":\"SearchAction\",\"target\":{\"@type\":\"EntryPoint\",\"urlTemplate\":\"https:\/\/minax.com.br\/site\/?s={search_term_string}\"},\"query-input\":{\"@type\":\"PropertyValueSpecification\",\"valueRequired\":true,\"valueName\":\"search_term_string\"}}],\"inLanguage\":\"pt-BR\"},{\"@type\":\"Organization\",\"@id\":\"https:\/\/minax.com.br\/site\/#organization\",\"name\":\"Minax - Constru\u00e7\u00f5es e Minera\u00e7\u00e3o\",\"alternateName\":\"Minax\",\"url\":\"https:\/\/minax.com.br\/site\/\",\"logo\":{\"@type\":\"ImageObject\",\"inLanguage\":\"pt-BR\",\"@id\":\"https:\/\/minax.com.br\/site\/#\/schema\/logo\/image\/\",\"url\":\"https:\/\/minax.com.br\/site\/wp-content\/uploads\/2024\/02\/LOGO_MINAX.png\",\"contentUrl\":\"https:\/\/minax.com.br\/site\/wp-content\/uploads\/2024\/02\/LOGO_MINAX.png\",\"width\":313,\"height\":79,\"caption\":\"Minax - Constru\u00e7\u00f5es e Minera\u00e7\u00e3o\"},\"image\":{\"@id\":\"https:\/\/minax.com.br\/site\/#\/schema\/logo\/image\/\"},\"sameAs\":[\"https:\/\/www.facebook.com\/minax.tcm\/\",\"https:\/\/www.instagram.com\/minax.tcm\",\"https:\/\/www.linkedin.com\/company\/minax-transportes-construcoes-pesadas-e-mineracao\"]},{\"@type\":\"Person\",\"@id\":\"https:\/\/minax.com.br\/site\/#\/schema\/person\/671a22ccc4ba3798cd154b42912d761a\",\"name\":\"Minax\",\"image\":{\"@type\":\"ImageObject\",\"inLanguage\":\"pt-BR\",\"@id\":\"https:\/\/minax.com.br\/site\/#\/schema\/person\/image\/\",\"url\":\"https:\/\/secure.gravatar.com\/avatar\/f4cbb0e39af3ab6388bc7719cd3e5f977562da6c6073e579f6e981c3c833cfdf?s=96&d=mm&r=g\",\"contentUrl\":\"https:\/\/secure.gravatar.com\/avatar\/f4cbb0e39af3ab6388bc7719cd3e5f977562da6c6073e579f6e981c3c833cfdf?s=96&d=mm&r=g\",\"caption\":\"Minax\"},\"url\":\"https:\/\/minax.com.br\/site\/author\/editor\/\"}]}<\/script>\n<!-- \/ Yoast SEO plugin. -->","yoast_head_json":{"title":"Entenda como o caminh\u00e3o articulado \u00e9 usado na minera\u00e7\u00e3o - Minax - Constru\u00e7\u00f5es e Minera\u00e7\u00e3o","description":"Saiba o que \u00e9 um caminh\u00e3o articulado e como ele otimiza a minera\u00e7\u00e3o, a constru\u00e7\u00e3o civil e outros setores.","robots":{"index":"index","follow":"follow","max-snippet":"max-snippet:-1","max-image-preview":"max-image-preview:large","max-video-preview":"max-video-preview:-1"},"canonical":"https:\/\/minax.com.br\/site\/entenda-como-o-caminhao-articulado-e-usado-na-mineracao\/","og_locale":"pt_BR","og_type":"article","og_title":"Entenda como o caminh\u00e3o articulado \u00e9 usado na minera\u00e7\u00e3o - Minax - Constru\u00e7\u00f5es e Minera\u00e7\u00e3o","og_description":"Saiba o que \u00e9 um caminh\u00e3o articulado e como ele otimiza a minera\u00e7\u00e3o, a constru\u00e7\u00e3o civil e outros setores.","og_url":"https:\/\/minax.com.br\/site\/entenda-como-o-caminhao-articulado-e-usado-na-mineracao\/","og_site_name":"Minax - Constru\u00e7\u00f5es e Minera\u00e7\u00e3o","article_publisher":"https:\/\/www.facebook.com\/minax.tcm\/","article_published_time":"2025-06-17T11:00:00+00:00","article_modified_time":"2026-01-30T15:41:48+00:00","og_image":[{"width":1024,"height":683,"url":"https:\/\/minax.com.br\/site\/wp-content\/uploads\/2025\/06\/Caminhoes-articulados_-a-evolucao-dos-gigantes-2-1024x683.jpeg","type":"image\/jpeg"}],"author":"Minax","twitter_card":"summary_large_image","twitter_misc":{"Escrito por":"Minax","Est. tempo de leitura":"9 minutos"},"schema":{"@context":"https:\/\/schema.org","@graph":[{"@type":"Article","@id":"https:\/\/minax.com.br\/site\/entenda-como-o-caminhao-articulado-e-usado-na-mineracao\/#article","isPartOf":{"@id":"https:\/\/minax.com.br\/site\/entenda-como-o-caminhao-articulado-e-usado-na-mineracao\/"},"author":{"name":"Minax","@id":"https:\/\/minax.com.br\/site\/#\/schema\/person\/671a22ccc4ba3798cd154b42912d761a"},"headline":"Entenda como o caminh\u00e3o articulado \u00e9 usado na minera\u00e7\u00e3o","datePublished":"2025-06-17T11:00:00+00:00","dateModified":"2026-01-30T15:41:48+00:00","mainEntityOfPage":{"@id":"https:\/\/minax.com.br\/site\/entenda-como-o-caminhao-articulado-e-usado-na-mineracao\/"},"wordCount":1741,"publisher":{"@id":"https:\/\/minax.com.br\/site\/#organization"},"image":{"@id":"https:\/\/minax.com.br\/site\/entenda-como-o-caminhao-articulado-e-usado-na-mineracao\/#primaryimage"},"thumbnailUrl":"https:\/\/minax.com.br\/site\/wp-content\/uploads\/2025\/06\/Caminhoes-articulados_-a-evolucao-dos-gigantes-2.jpeg","articleSection":["Blog"],"inLanguage":"pt-BR"},{"@type":"WebPage","@id":"https:\/\/minax.com.br\/site\/entenda-como-o-caminhao-articulado-e-usado-na-mineracao\/","url":"https:\/\/minax.com.br\/site\/entenda-como-o-caminhao-articulado-e-usado-na-mineracao\/","name":"Entenda como o caminh\u00e3o articulado \u00e9 usado na minera\u00e7\u00e3o - Minax - Constru\u00e7\u00f5es e Minera\u00e7\u00e3o","isPartOf":{"@id":"https:\/\/minax.com.br\/site\/#website"},"primaryImageOfPage":{"@id":"https:\/\/minax.com.br\/site\/entenda-como-o-caminhao-articulado-e-usado-na-mineracao\/#primaryimage"},"image":{"@id":"https:\/\/minax.com.br\/site\/entenda-como-o-caminhao-articulado-e-usado-na-mineracao\/#primaryimage"},"thumbnailUrl":"https:\/\/minax.com.br\/site\/wp-content\/uploads\/2025\/06\/Caminhoes-articulados_-a-evolucao-dos-gigantes-2.jpeg","datePublished":"2025-06-17T11:00:00+00:00","dateModified":"2026-01-30T15:41:48+00:00","description":"Saiba o que \u00e9 um caminh\u00e3o articulado e como ele otimiza a minera\u00e7\u00e3o, a constru\u00e7\u00e3o civil e outros setores.","breadcrumb":{"@id":"https:\/\/minax.com.br\/site\/entenda-como-o-caminhao-articulado-e-usado-na-mineracao\/#breadcrumb"},"inLanguage":"pt-BR","potentialAction":[{"@type":"ReadAction","target":["https:\/\/minax.com.br\/site\/entenda-como-o-caminhao-articulado-e-usado-na-mineracao\/"]}]},{"@type":"ImageObject","inLanguage":"pt-BR","@id":"https:\/\/minax.com.br\/site\/entenda-como-o-caminhao-articulado-e-usado-na-mineracao\/#primaryimage","url":"https:\/\/minax.com.br\/site\/wp-content\/uploads\/2025\/06\/Caminhoes-articulados_-a-evolucao-dos-gigantes-2.jpeg","contentUrl":"https:\/\/minax.com.br\/site\/wp-content\/uploads\/2025\/06\/Caminhoes-articulados_-a-evolucao-dos-gigantes-2.jpeg","width":2121,"height":1414,"caption":"caminh\u00e3o articulado"},{"@type":"BreadcrumbList","@id":"https:\/\/minax.com.br\/site\/entenda-como-o-caminhao-articulado-e-usado-na-mineracao\/#breadcrumb","itemListElement":[{"@type":"ListItem","position":1,"name":"In\u00edcio","item":"https:\/\/minax.com.br\/site\/"},{"@type":"ListItem","position":2,"name":"Entenda como o caminh\u00e3o articulado \u00e9 usado na minera\u00e7\u00e3o"}]},{"@type":"WebSite","@id":"https:\/\/minax.com.br\/site\/#website","url":"https:\/\/minax.com.br\/site\/","name":"Minax - Constru\u00e7\u00f5es e Minera\u00e7\u00e3o","description":"Loca\u00e7\u00e3o de M\u00e1quina Pesada, Loca\u00e7\u00e3o de Escavadeira, Loca\u00e7\u00e3o de Caminh\u00e3o Articulado, Loca\u00e7\u00e3o de Caminh\u00e3o 8x4, Loca\u00e7\u00e3o de Trator de Esteira, Loca\u00e7\u00e3o de Motoniveladora","publisher":{"@id":"https:\/\/minax.com.br\/site\/#organization"},"alternateName":"Minax","potentialAction":[{"@type":"SearchAction","target":{"@type":"EntryPoint","urlTemplate":"https:\/\/minax.com.br\/site\/?s={search_term_string}"},"query-input":{"@type":"PropertyValueSpecification","valueRequired":true,"valueName":"search_term_string"}}],"inLanguage":"pt-BR"},{"@type":"Organization","@id":"https:\/\/minax.com.br\/site\/#organization","name":"Minax - Constru\u00e7\u00f5es e Minera\u00e7\u00e3o","alternateName":"Minax","url":"https:\/\/minax.com.br\/site\/","logo":{"@type":"ImageObject","inLanguage":"pt-BR","@id":"https:\/\/minax.com.br\/site\/#\/schema\/logo\/image\/","url":"https:\/\/minax.com.br\/site\/wp-content\/uploads\/2024\/02\/LOGO_MINAX.png","contentUrl":"https:\/\/minax.com.br\/site\/wp-content\/uploads\/2024\/02\/LOGO_MINAX.png","width":313,"height":79,"caption":"Minax - Constru\u00e7\u00f5es e Minera\u00e7\u00e3o"},"image":{"@id":"https:\/\/minax.com.br\/site\/#\/schema\/logo\/image\/"},"sameAs":["https:\/\/www.facebook.com\/minax.tcm\/","https:\/\/www.instagram.com\/minax.tcm","https:\/\/www.linkedin.com\/company\/minax-transportes-construcoes-pesadas-e-mineracao"]},{"@type":"Person","@id":"https:\/\/minax.com.br\/site\/#\/schema\/person\/671a22ccc4ba3798cd154b42912d761a","name":"Minax","image":{"@type":"ImageObject","inLanguage":"pt-BR","@id":"https:\/\/minax.com.br\/site\/#\/schema\/person\/image\/","url":"https:\/\/secure.gravatar.com\/avatar\/f4cbb0e39af3ab6388bc7719cd3e5f977562da6c6073e579f6e981c3c833cfdf?s=96&d=mm&r=g","contentUrl":"https:\/\/secure.gravatar.com\/avatar\/f4cbb0e39af3ab6388bc7719cd3e5f977562da6c6073e579f6e981c3c833cfdf?s=96&d=mm&r=g","caption":"Minax"},"url":"https:\/\/minax.com.br\/site\/author\/editor\/"}]}},"_links":{"self":[{"href":"https:\/\/minax.com.br\/site\/wp-json\/wp\/v2\/posts\/1665","targetHints":{"allow":["GET"]}}],"collection":[{"href":"https:\/\/minax.com.br\/site\/wp-json\/wp\/v2\/posts"}],"about":[{"href":"https:\/\/minax.com.br\/site\/wp-json\/wp\/v2\/types\/post"}],"author":[{"embeddable":true,"href":"https:\/\/minax.com.br\/site\/wp-json\/wp\/v2\/users\/3"}],"replies":[{"embeddable":true,"href":"https:\/\/minax.com.br\/site\/wp-json\/wp\/v2\/comments?post=1665"}],"version-history":[{"count":3,"href":"https:\/\/minax.com.br\/site\/wp-json\/wp\/v2\/posts\/1665\/revisions"}],"predecessor-version":[{"id":1673,"href":"https:\/\/minax.com.br\/site\/wp-json\/wp\/v2\/posts\/1665\/revisions\/1673"}],"wp:featuredmedia":[{"embeddable":true,"href":"https:\/\/minax.com.br\/site\/wp-json\/wp\/v2\/media\/1669"}],"wp:attachment":[{"href":"https:\/\/minax.com.br\/site\/wp-json\/wp\/v2\/media?parent=1665"}],"wp:term":[{"taxonomy":"category","embeddable":true,"href":"https:\/\/minax.com.br\/site\/wp-json\/wp\/v2\/categories?post=1665"},{"taxonomy":"post_tag","embeddable":true,"href":"https:\/\/minax.com.br\/site\/wp-json\/wp\/v2\/tags?post=1665"}],"curies":[{"name":"wp","href":"https:\/\/api.w.org\/{rel}","templated":true}]}}