{"id":1715,"date":"2025-07-29T08:00:00","date_gmt":"2025-07-29T11:00:00","guid":{"rendered":"http:\/\/minax.com.br\/site\/?p=1715"},"modified":"2025-07-09T13:12:41","modified_gmt":"2025-07-09T16:12:41","slug":"responsabilidade-ambiental","status":"publish","type":"post","link":"https:\/\/minax.com.br\/site\/responsabilidade-ambiental\/","title":{"rendered":"Responsabilidade ambiental: como alinhar com produtividade no agro?"},"content":{"rendered":"\n<p>A responsabilidade ambiental tem ganhado protagonismo no agroneg\u00f3cio brasileiro. Em um pa\u00eds onde o <strong>setor agropecu\u00e1rio representa uma das principais for\u00e7as econ\u00f4micas<\/strong>, a grande quest\u00e3o \u00e9: como continuar crescendo e aumentando a produtividade sem ampliar os impactos negativos sobre o meio ambiente?<\/p>\n\n\n\n<p>A resposta est\u00e1 na combina\u00e7\u00e3o entre tecnologia, planejamento e pr\u00e1ticas sustent\u00e1veis. Neste artigo, vamos mostrar como \u00e9 poss\u00edvel unir responsabilidade ambiental e produtividade, adotando solu\u00e7\u00f5es inteligentes e alinhadas \u00e0s exig\u00eancias do presente \u2014 e do futuro. Boa leitura!<\/p>\n\n\n\n<h2 class=\"wp-block-heading\">Import\u00e2ncia da agricultura brasileira<\/h2>\n\n\n\n<p>A <a href=\"https:\/\/minax.com.br\/site\/agricultura-moderna\/\">agricultura<\/a> \u00e9 um dos pilares da economia nacional. O <a href=\"https:\/\/minax.com.br\/site\/agricultura-brasileira-em-foco-confira-o-panorama-atual\/\">Brasil <\/a>\u00e9 l\u00edder global na exporta\u00e7\u00e3o de gr\u00e3os, prote\u00ednas e diversos produtos agr\u00edcolas, abastecendo milh\u00f5es de pessoas no mundo. Isso gera empregos, movimenta a economia interna e posiciona o pa\u00eds de forma estrat\u00e9gica no cen\u00e1rio global.<\/p>\n\n\n\n<p>Uma prova dessa import\u00e2ncia est\u00e1 nos n\u00fameros: <a href=\"https:\/\/www.cepea.org.br\/br\/pib-do-agronegocio-brasileiro.aspx?\">de acordo com o Cepea\/USP<\/a>, o agroneg\u00f3cio deve responder por cerca de 29,4% do PIB brasileiro em 2025 \u2014 <strong>um crescimento significativo frente aos 23,5% observados em 2024<\/strong>.<\/p>\n\n\n\n<p>Al\u00e9m disso, a agricultura brasileira \u00e9 extremamente diversa. Vai desde grandes fazendas mecanizadas at\u00e9 pequenos produtores e cooperativas, cada um com seu papel na cadeia produtiva e na preserva\u00e7\u00e3o ambiental.<\/p>\n\n\n\n<p>No entanto, todo esse potencial traz tamb\u00e9m uma responsabilidade proporcional: produzir mais, com menos impacto ambiental, e garantir que os recursos naturais continuem dispon\u00edveis para as pr\u00f3ximas gera\u00e7\u00f5es.<\/p>\n\n\n\n<h2 class=\"wp-block-heading\">Desafio de produzir mais com menos impacto ambiental<\/h2>\n\n\n\n<p>A maior press\u00e3o sobre o agro hoje n\u00e3o \u00e9 apenas por produtividade,<strong> mas por<\/strong> <strong>responsabilidade socioambiental<\/strong>. J\u00e1 que a expans\u00e3o das lavouras precisa ocorrer sem degrada\u00e7\u00e3o de biomas, uso excessivo de insumos ou desperd\u00edcio de \u00e1gua e energia.<\/p>\n\n\n\n<p>A sociedade, os consumidores e os mercados internacionais exigem pr\u00e1ticas mais \u00e9ticas, transparentes e sustent\u00e1veis. Isso inclui desde o respeito \u00e0 legisla\u00e7\u00e3o ambiental at\u00e9 a rastreabilidade dos produtos e a ado\u00e7\u00e3o de pol\u00edticas de <strong>responsabilidade social e meio ambiente<\/strong>.<\/p>\n\n\n\n<p>Para lidar com esses desafios, o setor agro tem buscado tecnologias e estrat\u00e9gias que otimizem o uso dos recursos e minimizem os impactos. Esse \u00e9 o caminho para garantir competitividade e manter o Brasil como refer\u00eancia mundial em produ\u00e7\u00e3o agr\u00edcola respons\u00e1vel.<\/p>\n\n\n\n<h2 class=\"wp-block-heading\">Dicas para unir responsabilidade ambiental e produtividade<\/h2>\n\n\n\n<p>Unir <strong>responsabilidade ambiental e produtividade<\/strong> exige uma mudan\u00e7a de mentalidade e o uso de ferramentas que equilibrem resultados econ\u00f4micos e sustentabilidade. Veja algumas pr\u00e1ticas fundamentais:<\/p>\n\n\n\n<p>Antes disso, vale destacar que a ado\u00e7\u00e3o dessas medidas n\u00e3o \u00e9 apenas uma obriga\u00e7\u00e3o legal ou uma tend\u00eancia de mercado \u2014 trata-se de uma oportunidade para tornar o neg\u00f3cio mais resiliente, inovador e lucrativo no longo prazo.<\/p>\n\n\n\n<h3 class=\"wp-block-heading\">1. Otimizar o uso de insumos<\/h3>\n\n\n\n<p>Para aumentar a efici\u00eancia no campo sem prejudicar o meio ambiente, \u00e9 essencial aplicar insumos de forma estrat\u00e9gica e controlada. Algumas a\u00e7\u00f5es recomendadas incluem:<\/p>\n\n\n\n<ul class=\"wp-block-list\">\n<li><strong>aplicar defensivos e fertilizantes<\/strong> com base em dados t\u00e9cnicos;<\/li>\n\n\n\n<li>usar sensores de solo e mapas de produtividade para aplica\u00e7\u00e3o localizada;<\/li>\n\n\n\n<li>evitar o uso excessivo e reduzir a contamina\u00e7\u00e3o do solo e da \u00e1gua;<\/li>\n<\/ul>\n\n\n\n<h3 class=\"wp-block-heading\">2. Reduzir perdas e desperd\u00edcios<\/h3>\n\n\n\n<p>Minimizar perdas ao longo da cadeia produtiva \u00e9 uma forma eficaz de preservar recursos e aumentar a rentabilidade. Boas pr\u00e1ticas envolvem:<\/p>\n\n\n\n<ul class=\"wp-block-list\">\n<li><strong>monitorar toda a cadeia produtiva<\/strong>, do plantio \u00e0 comercializa\u00e7\u00e3o;<\/li>\n\n\n\n<li>identificar gargalos que causam perdas p\u00f3s-colheita;<\/li>\n\n\n\n<li>investir em log\u00edstica eficiente e armazenagem adequada;<\/li>\n<\/ul>\n\n\n\n<h3 class=\"wp-block-heading\">3. Preservar recursos naturais<\/h3>\n\n\n\n<p>A conserva\u00e7\u00e3o ambiental deve ser parte da rotina do produtor. Entre as pr\u00e1ticas sustent\u00e1veis que ajudam a manter os ecossistemas est\u00e1veis, destacam-se:<\/p>\n\n\n\n<ul class=\"wp-block-list\">\n<li>adotar pr\u00e1ticas de conserva\u00e7\u00e3o do solo, como plantio direto e rota\u00e7\u00e3o de culturas;<\/li>\n\n\n\n<li><strong>usar irriga\u00e7\u00e3o inteligente<\/strong> com controle de umidade do solo;<\/li>\n\n\n\n<li>proteger nascentes, matas ciliares e \u00e1reas de reserva legal;<\/li>\n<\/ul>\n\n\n\n<h3 class=\"wp-block-heading\">4. Garantir conformidade com normas ambientais<\/h3>\n\n\n\n<p>Estar em dia com a legisla\u00e7\u00e3o ambiental n\u00e3o \u00e9 apenas uma exig\u00eancia legal, mas um diferencial competitivo. Para isso, \u00e9 recomendado adotar as seguintes pr\u00e1ticas:<\/p>\n\n\n\n<ul class=\"wp-block-list\">\n<li>manter documenta\u00e7\u00f5es atualizadas e realizar auditorias ambientais;<\/li>\n\n\n\n<li>participar de certifica\u00e7\u00f5es reconhecidas, como o selo do Programa Soja Plus;<\/li>\n\n\n\n<li>criar indicadores de desempenho socioambiental;<\/li>\n<\/ul>\n\n\n\n<h3 class=\"wp-block-heading\">5. Usar tecnologias emergentes<\/h3>\n\n\n\n<p>As inova\u00e7\u00f5es tecnol\u00f3gicas trazem benef\u00edcios diretos \u00e0 sustentabilidade. Algumas recomenda\u00e7\u00f5es para produzir mais:<\/p>\n\n\n\n<ul class=\"wp-block-list\">\n<li><strong>integrar sensores<\/strong>, drones e imagens por sat\u00e9lite para monitorar lavouras em tempo real;<\/li>\n\n\n\n<li>aplicar intelig\u00eancia artificial na previs\u00e3o de safras e controle de pragas;<\/li>\n\n\n\n<li>automatizar opera\u00e7\u00f5es para reduzir consumo de recursos e aumentar a precis\u00e3o;<\/li>\n<\/ul>\n\n\n\n<h3 class=\"wp-block-heading\">6. Fomentar a cultura da responsabilidade socioambiental<\/h3>\n\n\n\n<p>A sustentabilidade <strong>precisa estar enraizada na cultura organizacional da propriedade rural<\/strong>. Para fortalecer essa mentalidade, \u00e9 interessante:<\/p>\n\n\n\n<ul class=\"wp-block-list\">\n<li>capacitar equipes sobre boas pr\u00e1ticas agr\u00edcolas e ambientais;<\/li>\n\n\n\n<li>envolver comunidades locais em projetos sustent\u00e1veis;<\/li>\n\n\n\n<li>desenvolver relat\u00f3rios de impacto e comunica\u00e7\u00e3o transparente com stakeholders;<\/li>\n<\/ul>\n\n\n\n<h2 class=\"wp-block-heading\">Integra\u00e7\u00e3o entre planejamento agr\u00edcola e sustentabilidade<\/h2>\n\n\n\n<p>O planejamento agr\u00edcola \u00e9 um forte aliado da sustentabilidade. Um plano bem estruturado permite prever o uso racional dos insumos, evitar desperd\u00edcios e reduzir impactos ambientais.<\/p>\n\n\n\n<p>Com base em diagn\u00f3sticos detalhados da propriedade, \u00e9 poss\u00edvel definir metas produtivas e ambientais, alinhar as opera\u00e7\u00f5es com calend\u00e1rios ideais e incorporar <a href=\"https:\/\/minax.com.br\/site\/fique-por-dentro-de-9-tecnologias-emergentes-no-agronegocio\/\">tecnologias que aumentam a efici\u00eancia<\/a>.<\/p>\n\n\n\n<p>Quando as metas de responsabilidade ambiental e produtividade est\u00e3o integradas desde o in\u00edcio do planejamento, <strong>os resultados tendem a ser mais consistentes e duradouros<\/strong>.<\/p>\n\n\n\n<h2 class=\"wp-block-heading\">Tecnologias que potencializam sustentabilidade no agro<\/h2>\n\n\n\n<p>A ado\u00e7\u00e3o de tecnologias digitais tem acelerado a transforma\u00e7\u00e3o verde no campo. Conhe\u00e7a algumas das mais relevantes para os produtores rurais.<\/p>\n\n\n\n<h3 class=\"wp-block-heading\">Agricultura de precis\u00e3o<\/h3>\n\n\n\n<p>Essa abordagem permite maior controle e efici\u00eancia nas opera\u00e7\u00f5es agr\u00edcolas, como ilustram as seguintes possibilidades:<\/p>\n\n\n\n<ul class=\"wp-block-list\">\n<li>permite aplica\u00e7\u00e3o localizada de insumos;<\/li>\n\n\n\n<li>reduz perdas e melhora o desempenho das culturas;<\/li>\n\n\n\n<li>aumenta o controle sobre a variabilidade do solo.<\/li>\n<\/ul>\n\n\n\n<h3 class=\"wp-block-heading\">Big data e an\u00e1lise preditiva<\/h3>\n\n\n\n<p>O uso de dados em larga escala tem revolucionado a tomada de decis\u00e3o no agro. Entre os benef\u00edcios dessa pr\u00e1tica, est\u00e3o:<\/p>\n\n\n\n<ul class=\"wp-block-list\">\n<li>cruza dados clim\u00e1ticos, de solo e mercado;<\/li>\n\n\n\n<li>antecipa riscos e otimiza tomadas de decis\u00e3o;<\/li>\n\n\n\n<li>identifica padr\u00f5es de produtividade e gargalos operacionais.<\/li>\n<\/ul>\n\n\n\n<h3 class=\"wp-block-heading\">IoT (Internet das Coisas)<\/h3>\n\n\n\n<p>A conectividade de dispositivos no campo abre espa\u00e7o para decis\u00f5es em tempo real. Veja como isso se aplica:<\/p>\n\n\n\n<ul class=\"wp-block-list\">\n<li>sensores conectados monitoram umidade, temperatura e nutrientes;<\/li>\n\n\n\n<li>viabilizam irriga\u00e7\u00e3o inteligente e aplica\u00e7\u00f5es automatizadas;<\/li>\n\n\n\n<li>reduzem desperd\u00edcios de energia e \u00e1gua.<\/li>\n<\/ul>\n\n\n\n<h3 class=\"wp-block-heading\">Drones e sat\u00e9lites<\/h3>\n\n\n\n<p>Essas ferramentas fornecem imagens detalhadas que ajudam no manejo localizado. Seus principais usos incluem:<\/p>\n\n\n\n<ul class=\"wp-block-list\">\n<li>mapeiam \u00e1reas de estresse h\u00eddrico;<\/li>\n\n\n\n<li>identificam pragas e falhas no plantio;<\/li>\n\n\n\n<li>ajudam no manejo localizado.<\/li>\n<\/ul>\n\n\n\n<p>Essas tecnologias transformam a gest\u00e3o da propriedade em um processo mais assertivo, baseado em dados e com menor impacto ambiental.<\/p>\n\n\n\n<p>Uma <a href=\"https:\/\/oglobo.globo.com\/economia\/negocios\/noticia\/2024\/09\/01\/agro-e-jovem-nova-geracao-no-campo-amplia-uso-de-tecnologia-e-torna-brasil-mais-competitivo.ghtml\">mat\u00e9ria do jornal O Globo<\/a> j\u00e1 mostrava que as novas gera\u00e7\u00f5es do agro brasileiro est\u00e3o cada vez mais sintonizadas com o uso de tecnologias \u2014 o que promete elevar significativamente a produtividade do setor nas pr\u00f3ximas d\u00e9cadas.<\/p>\n\n\n\n<h2 class=\"wp-block-heading\">Mensura\u00e7\u00e3o dos resultados para propor melhorias<\/h2>\n\n\n\n<p>De nada adianta implementar boas pr\u00e1ticas se n\u00e3o h\u00e1 um <strong>acompanhamento sistem\u00e1tico dos resultados<\/strong>. Medir o impacto das a\u00e7\u00f5es sustent\u00e1veis \u00e9 fundamental para entender o que est\u00e1 funcionando, o que precisa ser ajustado e onde est\u00e3o as oportunidades de avan\u00e7o.<\/p>\n\n\n\n<p>Uma mensura\u00e7\u00e3o eficiente inclui uma ou mais das seguintes ferramentas:<\/p>\n\n\n\n<ul class=\"wp-block-list\">\n<li>indicadores de efici\u00eancia no uso de \u00e1gua, energia e insumos;<\/li>\n\n\n\n<li>comparativos de produtividade antes e depois da ado\u00e7\u00e3o das tecnologias;<\/li>\n\n\n\n<li>relat\u00f3rios de conformidade ambiental e redu\u00e7\u00e3o de emiss\u00f5es;<\/li>\n\n\n\n<li>retorno econ\u00f4mico de investimentos em sustentabilidade.<\/li>\n<\/ul>\n\n\n\n<p>Ferramentas de gest\u00e3o agr\u00edcola e pain\u00e9is de controle digital facilitam essa an\u00e1lise. Com dados integrados, \u00e9 poss\u00edvel tomar decis\u00f5es mais r\u00e1pidas e eficazes, tornando o planejamento agr\u00edcola ainda mais estrat\u00e9gico.<\/p>\n\n\n\n<p>Al\u00e9m disso, acompanhar esses indicadores ao longo do tempo permite criar s\u00e9ries hist\u00f3ricas que ajudam a prever padr\u00f5es e ajustar os ciclos produtivos. Com o apoio de relat\u00f3rios personalizados, o gestor rural pode identificar varia\u00e7\u00f5es sazonais, inefici\u00eancias operacionais e oportunidades de ganho de escala.&nbsp;<\/p>\n\n\n\n<p>Essas informa\u00e7\u00f5es fortalecem a tomada de decis\u00f5es baseada em evid\u00eancias e contribuem para a perenidade do neg\u00f3cio.&nbsp;<\/p>\n\n\n\n<p>Outra vantagem da mensura\u00e7\u00e3o cont\u00ednua \u00e9 a possibilidade de demonstrar resultados concretos a investidores, institui\u00e7\u00f5es financeiras e parceiros comerciais, fortalecendo a <strong>credibilidade do empreendimento e ampliando o acesso a linhas de cr\u00e9dito e programas de certifica\u00e7\u00e3o ambiental<\/strong>.<\/p>\n\n\n\n<h2 class=\"wp-block-heading\">Futuro da produtividade e sustentabilidade na agricultura<\/h2>\n\n\n\n<p>O futuro da agricultura brasileira ser\u00e1 cada vez mais digital, conectada e sustent\u00e1vel. Modelos como a <strong>agricultura 5.0<\/strong> j\u00e1 est\u00e3o transformando o setor ao integrar intelig\u00eancia artificial, automa\u00e7\u00e3o e responsabilidade ambiental de forma simult\u00e2nea.<\/p>\n\n\n\n<h3 class=\"wp-block-heading\">Tend\u00eancias em sustentabilidade e produtividade<\/h3>\n\n\n\n<p>O cen\u00e1rio que se desenha para os pr\u00f3ximos anos aponta para mudan\u00e7as estruturais no modo de produzir. Algumas tend\u00eancias incluem:<\/p>\n\n\n\n<ul class=\"wp-block-list\">\n<li>agricultura urbana e vertical v\u00e3o ganhar ainda mais espa\u00e7o nos grandes centros;<\/li>\n\n\n\n<li>rastreabilidade total via blockchain se tornar\u00e1 padr\u00e3o de mercado;<\/li>\n\n\n\n<li>rob\u00f4s e m\u00e1quinas inteligentes ser\u00e3o mais acess\u00edveis;<\/li>\n\n\n\n<li>cadeias curtas v\u00e3o aproximar o produtor e o consumidor final.<\/li>\n<\/ul>\n\n\n\n<h3 class=\"wp-block-heading\">O papel da forma\u00e7\u00e3o e inova\u00e7\u00e3o colaborativa<\/h3>\n\n\n\n<p>Al\u00e9m das tecnologias, o fator humano continuar\u00e1 sendo decisivo para o sucesso sustent\u00e1vel do agro. Por isso, destacam-se:<\/p>\n\n\n\n<ul class=\"wp-block-list\">\n<li>capacita\u00e7\u00e3o em tecnologia agr\u00edcola se tornar\u00e1 diferencial competitivo;<\/li>\n\n\n\n<li>redes de coopera\u00e7\u00e3o substituir\u00e3o o isolamento produtivo;<\/li>\n\n\n\n<li>ecossistemas de inova\u00e7\u00e3o (hubs e agtechs) vem conquistando protagonismo, que tende a se consolidar ainda mais nos pr\u00f3ximos anos.<\/li>\n<\/ul>\n\n\n\n<p>O produtor que souber equilibrar produtividade com responsabilidade ambiental ter\u00e1 vantagem competitiva, reputa\u00e7\u00e3o s\u00f3lida no mercado e maior resili\u00eancia diante dos desafios clim\u00e1ticos e econ\u00f4micos.<\/p>\n\n\n\n<p>Se voc\u00ea atua no <a href=\"https:\/\/minax.com.br\/site\/caminhao-basculante\/\">agroneg\u00f3cio<\/a> e quer transformar a sustentabilidade em diferencial competitivo, o momento \u00e9 agora. Com planejamento, tecnologia e compromisso, \u00e9 poss\u00edvel produzir mais, com menos impacto, e garantir um futuro promissor para o agro brasileiro.<\/p>\n\n\n\n<p>Para entender mais sobre as mudan\u00e7as no universo agro e para descobrir solu\u00e7\u00f5es inovadoras para impulsionar sua produtividade com responsabilidade ambiental, <a href=\"http:\/\/www.minax.com.br\">continue acompanhando o site da Minax<\/a>!<\/p>\n","protected":false},"excerpt":{"rendered":"<p>A responsabilidade ambiental tem ganhado protagonismo no agroneg\u00f3cio brasileiro. Em um pa\u00eds onde o setor agropecu\u00e1rio representa uma das principais for\u00e7as econ\u00f4micas, a grande quest\u00e3o \u00e9: como continuar crescendo e aumentando a produtividade sem ampliar os impactos negativos sobre o meio ambiente? A resposta est\u00e1 na combina\u00e7\u00e3o entre tecnologia, planejamento e pr\u00e1ticas sustent\u00e1veis. Neste artigo, [&hellip;]<\/p>\n","protected":false},"author":3,"featured_media":1716,"comment_status":"open","ping_status":"closed","sticky":false,"template":"","format":"standard","meta":{"footnotes":""},"categories":[11],"tags":[],"class_list":["post-1715","post","type-post","status-publish","format-standard","has-post-thumbnail","hentry","category-blog"],"yoast_head":"<!-- This site is optimized with the Yoast SEO plugin v25.7 - https:\/\/yoast.com\/wordpress\/plugins\/seo\/ -->\n<title>Responsabilidade ambiental: como alinhar com produtividade no agro? - Minax - Constru\u00e7\u00f5es e Minera\u00e7\u00e3o<\/title>\n<meta name=\"description\" content=\"Descubra como aliar responsabilidade ambiental e produtividade na agricultura \u2014 com tecnologia e planejamento.\" \/>\n<meta name=\"robots\" content=\"index, follow, max-snippet:-1, max-image-preview:large, max-video-preview:-1\" \/>\n<link rel=\"canonical\" href=\"https:\/\/minax.com.br\/site\/responsabilidade-ambiental\/\" \/>\n<meta property=\"og:locale\" content=\"pt_BR\" \/>\n<meta property=\"og:type\" content=\"article\" \/>\n<meta property=\"og:title\" content=\"Responsabilidade ambiental: como alinhar com produtividade no agro? - Minax - Constru\u00e7\u00f5es e Minera\u00e7\u00e3o\" \/>\n<meta property=\"og:description\" content=\"Descubra como aliar responsabilidade ambiental e produtividade na agricultura \u2014 com tecnologia e planejamento.\" \/>\n<meta property=\"og:url\" content=\"https:\/\/minax.com.br\/site\/responsabilidade-ambiental\/\" \/>\n<meta property=\"og:site_name\" content=\"Minax - Constru\u00e7\u00f5es e Minera\u00e7\u00e3o\" \/>\n<meta property=\"article:publisher\" content=\"https:\/\/www.facebook.com\/minax.tcm\/\" \/>\n<meta property=\"article:published_time\" content=\"2025-07-29T11:00:00+00:00\" \/>\n<meta property=\"og:image\" content=\"https:\/\/minax.com.br\/site\/wp-content\/uploads\/2025\/07\/Responsabilidade-ambiental_-como-alinhar-com-produtividade-no-agro_-1024x684.jpeg\" \/>\n\t<meta property=\"og:image:width\" content=\"1024\" \/>\n\t<meta property=\"og:image:height\" content=\"684\" \/>\n\t<meta property=\"og:image:type\" content=\"image\/jpeg\" \/>\n<meta name=\"author\" content=\"Minax\" \/>\n<meta name=\"twitter:card\" content=\"summary_large_image\" \/>\n<meta name=\"twitter:label1\" content=\"Escrito por\" \/>\n\t<meta name=\"twitter:data1\" content=\"Minax\" \/>\n\t<meta name=\"twitter:label2\" content=\"Est. tempo de leitura\" \/>\n\t<meta name=\"twitter:data2\" content=\"9 minutos\" \/>\n<script type=\"application\/ld+json\" class=\"yoast-schema-graph\">{\"@context\":\"https:\/\/schema.org\",\"@graph\":[{\"@type\":\"Article\",\"@id\":\"https:\/\/minax.com.br\/site\/responsabilidade-ambiental\/#article\",\"isPartOf\":{\"@id\":\"https:\/\/minax.com.br\/site\/responsabilidade-ambiental\/\"},\"author\":{\"name\":\"Minax\",\"@id\":\"https:\/\/minax.com.br\/site\/#\/schema\/person\/671a22ccc4ba3798cd154b42912d761a\"},\"headline\":\"Responsabilidade ambiental: como alinhar com produtividade no agro?\",\"datePublished\":\"2025-07-29T11:00:00+00:00\",\"mainEntityOfPage\":{\"@id\":\"https:\/\/minax.com.br\/site\/responsabilidade-ambiental\/\"},\"wordCount\":1720,\"commentCount\":0,\"publisher\":{\"@id\":\"https:\/\/minax.com.br\/site\/#organization\"},\"image\":{\"@id\":\"https:\/\/minax.com.br\/site\/responsabilidade-ambiental\/#primaryimage\"},\"thumbnailUrl\":\"https:\/\/minax.com.br\/site\/wp-content\/uploads\/2025\/07\/Responsabilidade-ambiental_-como-alinhar-com-produtividade-no-agro_.jpeg\",\"articleSection\":[\"Blog\"],\"inLanguage\":\"pt-BR\"},{\"@type\":\"WebPage\",\"@id\":\"https:\/\/minax.com.br\/site\/responsabilidade-ambiental\/\",\"url\":\"https:\/\/minax.com.br\/site\/responsabilidade-ambiental\/\",\"name\":\"Responsabilidade ambiental: como alinhar com produtividade no agro? - Minax - Constru\u00e7\u00f5es e Minera\u00e7\u00e3o\",\"isPartOf\":{\"@id\":\"https:\/\/minax.com.br\/site\/#website\"},\"primaryImageOfPage\":{\"@id\":\"https:\/\/minax.com.br\/site\/responsabilidade-ambiental\/#primaryimage\"},\"image\":{\"@id\":\"https:\/\/minax.com.br\/site\/responsabilidade-ambiental\/#primaryimage\"},\"thumbnailUrl\":\"https:\/\/minax.com.br\/site\/wp-content\/uploads\/2025\/07\/Responsabilidade-ambiental_-como-alinhar-com-produtividade-no-agro_.jpeg\",\"datePublished\":\"2025-07-29T11:00:00+00:00\",\"description\":\"Descubra como aliar responsabilidade ambiental e produtividade na agricultura \u2014 com tecnologia e planejamento.\",\"breadcrumb\":{\"@id\":\"https:\/\/minax.com.br\/site\/responsabilidade-ambiental\/#breadcrumb\"},\"inLanguage\":\"pt-BR\",\"potentialAction\":[{\"@type\":\"ReadAction\",\"target\":[\"https:\/\/minax.com.br\/site\/responsabilidade-ambiental\/\"]}]},{\"@type\":\"ImageObject\",\"inLanguage\":\"pt-BR\",\"@id\":\"https:\/\/minax.com.br\/site\/responsabilidade-ambiental\/#primaryimage\",\"url\":\"https:\/\/minax.com.br\/site\/wp-content\/uploads\/2025\/07\/Responsabilidade-ambiental_-como-alinhar-com-produtividade-no-agro_.jpeg\",\"contentUrl\":\"https:\/\/minax.com.br\/site\/wp-content\/uploads\/2025\/07\/Responsabilidade-ambiental_-como-alinhar-com-produtividade-no-agro_.jpeg\",\"width\":2119,\"height\":1415,\"caption\":\"responsabilidade ambiental\"},{\"@type\":\"BreadcrumbList\",\"@id\":\"https:\/\/minax.com.br\/site\/responsabilidade-ambiental\/#breadcrumb\",\"itemListElement\":[{\"@type\":\"ListItem\",\"position\":1,\"name\":\"In\u00edcio\",\"item\":\"https:\/\/minax.com.br\/site\/\"},{\"@type\":\"ListItem\",\"position\":2,\"name\":\"Responsabilidade ambiental: como alinhar com produtividade no agro?\"}]},{\"@type\":\"WebSite\",\"@id\":\"https:\/\/minax.com.br\/site\/#website\",\"url\":\"https:\/\/minax.com.br\/site\/\",\"name\":\"Minax - Constru\u00e7\u00f5es e Minera\u00e7\u00e3o\",\"description\":\"Loca\u00e7\u00e3o de M\u00e1quina Pesada, Loca\u00e7\u00e3o de Escavadeira, Loca\u00e7\u00e3o de Caminh\u00e3o Articulado, Loca\u00e7\u00e3o de Caminh\u00e3o 8x4, Loca\u00e7\u00e3o de Trator de Esteira, Loca\u00e7\u00e3o de Motoniveladora\",\"publisher\":{\"@id\":\"https:\/\/minax.com.br\/site\/#organization\"},\"alternateName\":\"Minax\",\"potentialAction\":[{\"@type\":\"SearchAction\",\"target\":{\"@type\":\"EntryPoint\",\"urlTemplate\":\"https:\/\/minax.com.br\/site\/?s={search_term_string}\"},\"query-input\":{\"@type\":\"PropertyValueSpecification\",\"valueRequired\":true,\"valueName\":\"search_term_string\"}}],\"inLanguage\":\"pt-BR\"},{\"@type\":\"Organization\",\"@id\":\"https:\/\/minax.com.br\/site\/#organization\",\"name\":\"Minax - Constru\u00e7\u00f5es e Minera\u00e7\u00e3o\",\"alternateName\":\"Minax\",\"url\":\"https:\/\/minax.com.br\/site\/\",\"logo\":{\"@type\":\"ImageObject\",\"inLanguage\":\"pt-BR\",\"@id\":\"https:\/\/minax.com.br\/site\/#\/schema\/logo\/image\/\",\"url\":\"https:\/\/minax.com.br\/site\/wp-content\/uploads\/2024\/02\/LOGO_MINAX.png\",\"contentUrl\":\"https:\/\/minax.com.br\/site\/wp-content\/uploads\/2024\/02\/LOGO_MINAX.png\",\"width\":313,\"height\":79,\"caption\":\"Minax - Constru\u00e7\u00f5es e Minera\u00e7\u00e3o\"},\"image\":{\"@id\":\"https:\/\/minax.com.br\/site\/#\/schema\/logo\/image\/\"},\"sameAs\":[\"https:\/\/www.facebook.com\/minax.tcm\/\",\"https:\/\/www.instagram.com\/minax.tcm\",\"https:\/\/www.linkedin.com\/company\/minax-transportes-construcoes-pesadas-e-mineracao\"]},{\"@type\":\"Person\",\"@id\":\"https:\/\/minax.com.br\/site\/#\/schema\/person\/671a22ccc4ba3798cd154b42912d761a\",\"name\":\"Minax\",\"image\":{\"@type\":\"ImageObject\",\"inLanguage\":\"pt-BR\",\"@id\":\"https:\/\/minax.com.br\/site\/#\/schema\/person\/image\/\",\"url\":\"https:\/\/secure.gravatar.com\/avatar\/f4cbb0e39af3ab6388bc7719cd3e5f977562da6c6073e579f6e981c3c833cfdf?s=96&d=mm&r=g\",\"contentUrl\":\"https:\/\/secure.gravatar.com\/avatar\/f4cbb0e39af3ab6388bc7719cd3e5f977562da6c6073e579f6e981c3c833cfdf?s=96&d=mm&r=g\",\"caption\":\"Minax\"},\"url\":\"https:\/\/minax.com.br\/site\/author\/editor\/\"}]}<\/script>\n<!-- \/ Yoast SEO plugin. -->","yoast_head_json":{"title":"Responsabilidade ambiental: como alinhar com produtividade no agro? - Minax - Constru\u00e7\u00f5es e Minera\u00e7\u00e3o","description":"Descubra como aliar responsabilidade ambiental e produtividade na agricultura \u2014 com tecnologia e planejamento.","robots":{"index":"index","follow":"follow","max-snippet":"max-snippet:-1","max-image-preview":"max-image-preview:large","max-video-preview":"max-video-preview:-1"},"canonical":"https:\/\/minax.com.br\/site\/responsabilidade-ambiental\/","og_locale":"pt_BR","og_type":"article","og_title":"Responsabilidade ambiental: como alinhar com produtividade no agro? - Minax - Constru\u00e7\u00f5es e Minera\u00e7\u00e3o","og_description":"Descubra como aliar responsabilidade ambiental e produtividade na agricultura \u2014 com tecnologia e planejamento.","og_url":"https:\/\/minax.com.br\/site\/responsabilidade-ambiental\/","og_site_name":"Minax - Constru\u00e7\u00f5es e Minera\u00e7\u00e3o","article_publisher":"https:\/\/www.facebook.com\/minax.tcm\/","article_published_time":"2025-07-29T11:00:00+00:00","og_image":[{"width":1024,"height":684,"url":"https:\/\/minax.com.br\/site\/wp-content\/uploads\/2025\/07\/Responsabilidade-ambiental_-como-alinhar-com-produtividade-no-agro_-1024x684.jpeg","type":"image\/jpeg"}],"author":"Minax","twitter_card":"summary_large_image","twitter_misc":{"Escrito por":"Minax","Est. tempo de leitura":"9 minutos"},"schema":{"@context":"https:\/\/schema.org","@graph":[{"@type":"Article","@id":"https:\/\/minax.com.br\/site\/responsabilidade-ambiental\/#article","isPartOf":{"@id":"https:\/\/minax.com.br\/site\/responsabilidade-ambiental\/"},"author":{"name":"Minax","@id":"https:\/\/minax.com.br\/site\/#\/schema\/person\/671a22ccc4ba3798cd154b42912d761a"},"headline":"Responsabilidade ambiental: como alinhar com produtividade no agro?","datePublished":"2025-07-29T11:00:00+00:00","mainEntityOfPage":{"@id":"https:\/\/minax.com.br\/site\/responsabilidade-ambiental\/"},"wordCount":1720,"commentCount":0,"publisher":{"@id":"https:\/\/minax.com.br\/site\/#organization"},"image":{"@id":"https:\/\/minax.com.br\/site\/responsabilidade-ambiental\/#primaryimage"},"thumbnailUrl":"https:\/\/minax.com.br\/site\/wp-content\/uploads\/2025\/07\/Responsabilidade-ambiental_-como-alinhar-com-produtividade-no-agro_.jpeg","articleSection":["Blog"],"inLanguage":"pt-BR"},{"@type":"WebPage","@id":"https:\/\/minax.com.br\/site\/responsabilidade-ambiental\/","url":"https:\/\/minax.com.br\/site\/responsabilidade-ambiental\/","name":"Responsabilidade ambiental: como alinhar com produtividade no agro? - Minax - Constru\u00e7\u00f5es e Minera\u00e7\u00e3o","isPartOf":{"@id":"https:\/\/minax.com.br\/site\/#website"},"primaryImageOfPage":{"@id":"https:\/\/minax.com.br\/site\/responsabilidade-ambiental\/#primaryimage"},"image":{"@id":"https:\/\/minax.com.br\/site\/responsabilidade-ambiental\/#primaryimage"},"thumbnailUrl":"https:\/\/minax.com.br\/site\/wp-content\/uploads\/2025\/07\/Responsabilidade-ambiental_-como-alinhar-com-produtividade-no-agro_.jpeg","datePublished":"2025-07-29T11:00:00+00:00","description":"Descubra como aliar responsabilidade ambiental e produtividade na agricultura \u2014 com tecnologia e planejamento.","breadcrumb":{"@id":"https:\/\/minax.com.br\/site\/responsabilidade-ambiental\/#breadcrumb"},"inLanguage":"pt-BR","potentialAction":[{"@type":"ReadAction","target":["https:\/\/minax.com.br\/site\/responsabilidade-ambiental\/"]}]},{"@type":"ImageObject","inLanguage":"pt-BR","@id":"https:\/\/minax.com.br\/site\/responsabilidade-ambiental\/#primaryimage","url":"https:\/\/minax.com.br\/site\/wp-content\/uploads\/2025\/07\/Responsabilidade-ambiental_-como-alinhar-com-produtividade-no-agro_.jpeg","contentUrl":"https:\/\/minax.com.br\/site\/wp-content\/uploads\/2025\/07\/Responsabilidade-ambiental_-como-alinhar-com-produtividade-no-agro_.jpeg","width":2119,"height":1415,"caption":"responsabilidade ambiental"},{"@type":"BreadcrumbList","@id":"https:\/\/minax.com.br\/site\/responsabilidade-ambiental\/#breadcrumb","itemListElement":[{"@type":"ListItem","position":1,"name":"In\u00edcio","item":"https:\/\/minax.com.br\/site\/"},{"@type":"ListItem","position":2,"name":"Responsabilidade ambiental: como alinhar com produtividade no agro?"}]},{"@type":"WebSite","@id":"https:\/\/minax.com.br\/site\/#website","url":"https:\/\/minax.com.br\/site\/","name":"Minax - Constru\u00e7\u00f5es e Minera\u00e7\u00e3o","description":"Loca\u00e7\u00e3o de M\u00e1quina Pesada, Loca\u00e7\u00e3o de Escavadeira, Loca\u00e7\u00e3o de Caminh\u00e3o Articulado, Loca\u00e7\u00e3o de Caminh\u00e3o 8x4, Loca\u00e7\u00e3o de Trator de Esteira, Loca\u00e7\u00e3o de Motoniveladora","publisher":{"@id":"https:\/\/minax.com.br\/site\/#organization"},"alternateName":"Minax","potentialAction":[{"@type":"SearchAction","target":{"@type":"EntryPoint","urlTemplate":"https:\/\/minax.com.br\/site\/?s={search_term_string}"},"query-input":{"@type":"PropertyValueSpecification","valueRequired":true,"valueName":"search_term_string"}}],"inLanguage":"pt-BR"},{"@type":"Organization","@id":"https:\/\/minax.com.br\/site\/#organization","name":"Minax - Constru\u00e7\u00f5es e Minera\u00e7\u00e3o","alternateName":"Minax","url":"https:\/\/minax.com.br\/site\/","logo":{"@type":"ImageObject","inLanguage":"pt-BR","@id":"https:\/\/minax.com.br\/site\/#\/schema\/logo\/image\/","url":"https:\/\/minax.com.br\/site\/wp-content\/uploads\/2024\/02\/LOGO_MINAX.png","contentUrl":"https:\/\/minax.com.br\/site\/wp-content\/uploads\/2024\/02\/LOGO_MINAX.png","width":313,"height":79,"caption":"Minax - Constru\u00e7\u00f5es e Minera\u00e7\u00e3o"},"image":{"@id":"https:\/\/minax.com.br\/site\/#\/schema\/logo\/image\/"},"sameAs":["https:\/\/www.facebook.com\/minax.tcm\/","https:\/\/www.instagram.com\/minax.tcm","https:\/\/www.linkedin.com\/company\/minax-transportes-construcoes-pesadas-e-mineracao"]},{"@type":"Person","@id":"https:\/\/minax.com.br\/site\/#\/schema\/person\/671a22ccc4ba3798cd154b42912d761a","name":"Minax","image":{"@type":"ImageObject","inLanguage":"pt-BR","@id":"https:\/\/minax.com.br\/site\/#\/schema\/person\/image\/","url":"https:\/\/secure.gravatar.com\/avatar\/f4cbb0e39af3ab6388bc7719cd3e5f977562da6c6073e579f6e981c3c833cfdf?s=96&d=mm&r=g","contentUrl":"https:\/\/secure.gravatar.com\/avatar\/f4cbb0e39af3ab6388bc7719cd3e5f977562da6c6073e579f6e981c3c833cfdf?s=96&d=mm&r=g","caption":"Minax"},"url":"https:\/\/minax.com.br\/site\/author\/editor\/"}]}},"_links":{"self":[{"href":"https:\/\/minax.com.br\/site\/wp-json\/wp\/v2\/posts\/1715","targetHints":{"allow":["GET"]}}],"collection":[{"href":"https:\/\/minax.com.br\/site\/wp-json\/wp\/v2\/posts"}],"about":[{"href":"https:\/\/minax.com.br\/site\/wp-json\/wp\/v2\/types\/post"}],"author":[{"embeddable":true,"href":"https:\/\/minax.com.br\/site\/wp-json\/wp\/v2\/users\/3"}],"replies":[{"embeddable":true,"href":"https:\/\/minax.com.br\/site\/wp-json\/wp\/v2\/comments?post=1715"}],"version-history":[{"count":1,"href":"https:\/\/minax.com.br\/site\/wp-json\/wp\/v2\/posts\/1715\/revisions"}],"predecessor-version":[{"id":1717,"href":"https:\/\/minax.com.br\/site\/wp-json\/wp\/v2\/posts\/1715\/revisions\/1717"}],"wp:featuredmedia":[{"embeddable":true,"href":"https:\/\/minax.com.br\/site\/wp-json\/wp\/v2\/media\/1716"}],"wp:attachment":[{"href":"https:\/\/minax.com.br\/site\/wp-json\/wp\/v2\/media?parent=1715"}],"wp:term":[{"taxonomy":"category","embeddable":true,"href":"https:\/\/minax.com.br\/site\/wp-json\/wp\/v2\/categories?post=1715"},{"taxonomy":"post_tag","embeddable":true,"href":"https:\/\/minax.com.br\/site\/wp-json\/wp\/v2\/tags?post=1715"}],"curies":[{"name":"wp","href":"https:\/\/api.w.org\/{rel}","templated":true}]}}