{"id":1724,"date":"2025-07-30T08:07:00","date_gmt":"2025-07-30T11:07:00","guid":{"rendered":"http:\/\/minax.com.br\/site\/?p=1724"},"modified":"2025-07-09T14:10:31","modified_gmt":"2025-07-09T17:10:31","slug":"agronegocio","status":"publish","type":"post","link":"https:\/\/minax.com.br\/site\/agronegocio\/","title":{"rendered":"Agroneg\u00f3cio: confira um panorama sobre o setor no Brasil"},"content":{"rendered":"\n<p>O agroneg\u00f3cio \u00e9<strong> um dos pilares econ\u00f4micos mais importantes do Brasil<\/strong> e uma refer\u00eancia mundial quando o assunto \u00e9 produ\u00e7\u00e3o de alimentos, bioenergia e mat\u00e9rias-primas. Ele vai muito al\u00e9m da agricultura: representa uma cadeia integrada de produ\u00e7\u00e3o, tecnologia, com\u00e9rcio e log\u00edstica que conecta o campo \u00e0 cidade e ao mercado global.&nbsp;<\/p>\n\n\n\n<p>Neste artigo, exploramos o conceito de agroneg\u00f3cio, seus impactos, desafios e solu\u00e7\u00f5es \u2014 com foco no papel da tecnologia e da loca\u00e7\u00e3o de m\u00e1quinas como vantagem estrat\u00e9gica. Continue a leitura para entender mais sobre o tema!<\/p>\n\n\n\n<h2 class=\"wp-block-heading\">Diferen\u00e7a entre agroneg\u00f3cio e agricultura<\/h2>\n\n\n\n<p>Apesar de estarem intimamente relacionados, agroneg\u00f3cio e agricultura n\u00e3o s\u00e3o sin\u00f4nimos. \u00c9 importante compreender essa diferen\u00e7a para visualizar a amplitude e complexidade do setor. Vamos falar de cada um primeiro, separadamente.&nbsp;<\/p>\n\n\n\n<h3 class=\"wp-block-heading\">Agricultura: o trabalho direto no campo<\/h3>\n\n\n\n<p>A <strong>agricultura<\/strong> corresponde \u00e0 atividade pr\u00e1tica de cultivo da terra, produ\u00e7\u00e3o de alimentos, fibras e mat\u00e9rias-primas. Trata-se da opera\u00e7\u00e3o produtiva realizada por agricultores em pequenas, m\u00e9dias ou grandes propriedades.<\/p>\n\n\n\n<h3 class=\"wp-block-heading\">Agroneg\u00f3cio: uma cadeia completa<\/h3>\n\n\n\n<p>O <strong>agroneg\u00f3cio<\/strong> inclui tudo o que envolve a produ\u00e7\u00e3o agropecu\u00e1ria antes, durante e depois da porteira. Isso abrange uma s\u00e9rie de etapas e agentes que garantem a fluidez da cadeia de produ\u00e7\u00e3o.<\/p>\n\n\n\n<p>Entre os principais componentes do agroneg\u00f3cio, destacam-se:<\/p>\n\n\n\n<ul class=\"wp-block-list\">\n<li>fornecimento de sementes, fertilizantes e defensivos;<br><\/li>\n\n\n\n<li>fabricantes e locadoras de m\u00e1quinas e implementos;<br><\/li>\n\n\n\n<li>laborat\u00f3rios de gen\u00e9tica e pesquisa;<br><\/li>\n\n\n\n<li>cooperativas, agroind\u00fastrias e redes de distribui\u00e7\u00e3o;<br><\/li>\n\n\n\n<li>exportadoras, armaz\u00e9ns e sistemas log\u00edsticos.<br><\/li>\n<\/ul>\n\n\n\n<p>Ou seja, o agroneg\u00f3cio \u00e9 o sistema que <strong>interliga os processos de produ\u00e7\u00e3o rural \u00e0s cadeias industrial, comercial e de consumo final<\/strong>.&nbsp;<\/p>\n\n\n\n<h2 class=\"wp-block-heading\">Impactos do setor do agroneg\u00f3cio<\/h2>\n\n\n\n<p>O setor do agroneg\u00f3cio exerce influ\u00eancia profunda em diferentes dimens\u00f5es da sociedade. Abaixo, detalhamos seus principais impactos.<\/p>\n\n\n\n<h3 class=\"wp-block-heading\">Impacto econ\u00f4mico<\/h3>\n\n\n\n<p>Em termos econ\u00f4micos, o agroneg\u00f3cio \u00e9 respons\u00e1vel por uma grande parcela da gera\u00e7\u00e3o de riquezas no Brasil.<\/p>\n\n\n\n<p>Entre os principais efeitos econ\u00f4micos do setor, podemos citar:<\/p>\n\n\n\n<ul class=\"wp-block-list\">\n<li>representa mais de 20%<strong> do Produto Interno Bruto (PIB) brasileiro<\/strong>. Falaremos mais desse dado adiante no texto;<br><\/li>\n\n\n\n<li>lidera a pauta de exporta\u00e7\u00f5es do pa\u00eds, <a href=\"https:\/\/www.poder360.com.br\/opiniao\/agro-responde-por-quase-50-das-exportacoes\/\">com quase 50% do tota<\/a>l;<br><\/li>\n\n\n\n<li>movimenta cadeias industriais, de transporte e servi\u00e7os;<br><\/li>\n\n\n\n<li>\u00e9 fonte de investimentos e <a href=\"https:\/\/minax.com.br\/site\/fique-por-dentro-de-9-tecnologias-emergentes-no-agronegocio\/\">inova\u00e7\u00e3o tecnol\u00f3gica<\/a>.<br><\/li>\n<\/ul>\n\n\n\n<h3 class=\"wp-block-heading\">Impacto social<\/h3>\n\n\n\n<p>No campo social, o setor contribui para o desenvolvimento de comunidades, o emprego e a gera\u00e7\u00e3o de renda no interior do pa\u00eds.<\/p>\n\n\n\n<p>Esses s\u00e3o alguns dos impactos sociais mais relevantes:<\/p>\n\n\n\n<ul class=\"wp-block-list\">\n<li>emprega diretamente milh\u00f5es de brasileiros no campo e em \u00e1reas urbanas;<br><\/li>\n\n\n\n<li>contribui para o desenvolvimento de cidades do interior;<br><\/li>\n\n\n\n<li>impulsiona a educa\u00e7\u00e3o t\u00e9cnica, cooperativismo e inclus\u00e3o digital;<br><\/li>\n\n\n\n<li>garante abastecimento alimentar interno e gera\u00e7\u00e3o de renda familiar.<br><\/li>\n<\/ul>\n\n\n\n<h3 class=\"wp-block-heading\">Impacto ambiental<\/h3>\n\n\n\n<p>Por ser uma atividade ligada \u00e0 terra, o agroneg\u00f3cio tamb\u00e9m impacta diretamente o meio ambiente \u2014 tanto de forma positiva quanto negativa.<\/p>\n\n\n\n<p>Os principais pontos de aten\u00e7\u00e3o ambiental envolvem:<\/p>\n\n\n\n<ul class=\"wp-block-list\">\n<li>necessidade de pr\u00e1ticas respons\u00e1veis para conserva\u00e7\u00e3o do solo e da \u00e1gua;<br><\/li>\n\n\n\n<li>est\u00edmulo ao reflorestamento e recupera\u00e7\u00e3o de \u00e1reas degradadas;<br><\/li>\n\n\n\n<li>influ\u00eancia sobre pol\u00edticas de preserva\u00e7\u00e3o e uso sustent\u00e1vel do territ\u00f3rio.<br><\/li>\n<\/ul>\n\n\n\n<h2 class=\"wp-block-heading\">Panorama do agroneg\u00f3cio no Brasil<\/h2>\n\n\n\n<p>O Brasil \u00e9 uma das pot\u00eancias do agroneg\u00f3cio mundial. Sua diversidade clim\u00e1tica, solo f\u00e9rtil e infraestrutura em evolu\u00e7\u00e3o colocam o pa\u00eds na lideran\u00e7a de produ\u00e7\u00e3o e exporta\u00e7\u00e3o de diversos produtos.<\/p>\n\n\n\n<p>N\u00e3o \u00e0 toa, o <a href=\"https:\/\/minax.com.br\/site\/bahia-farm-show-o-que-esperar-do-evento-em-2025\/\">pa\u00eds tamb\u00e9m sedia muitos eventos<\/a>, que atraem empres\u00e1rios e entusiastas do mundo todo. Vamos conhecer outros detalhes espec\u00edficos sobre o agro no pa\u00eds.<\/p>\n\n\n\n<h3 class=\"wp-block-heading\">Principais produtos exportados<\/h3>\n\n\n\n<p>A produ\u00e7\u00e3o agropecu\u00e1ria brasileira \u00e9 variada e altamente competitiva nos mercados internacionais. Veja os principais produtos que colocam o Brasil em destaque global:<\/p>\n\n\n\n<ul class=\"wp-block-list\">\n<li>soja e derivados;<br><\/li>\n\n\n\n<li>milho;<br><\/li>\n\n\n\n<li>carnes (bovina, su\u00edna e de frango);<br><\/li>\n\n\n\n<li>a\u00e7\u00facar e etanol;<br><\/li>\n\n\n\n<li>algod\u00e3o;<br><\/li>\n\n\n\n<li>caf\u00e9;<br><\/li>\n\n\n\n<li>celulose.<br><\/li>\n<\/ul>\n\n\n\n<h3 class=\"wp-block-heading\">Destaques por regi\u00e3o<\/h3>\n\n\n\n<p>Cada regi\u00e3o do pa\u00eds possui voca\u00e7\u00f5es espec\u00edficas, definidas por fatores clim\u00e1ticos, geogr\u00e1ficos e estruturais.<\/p>\n\n\n\n<p>As especializa\u00e7\u00f5es regionais mais expressivas s\u00e3o:<\/p>\n\n\n\n<ul class=\"wp-block-list\">\n<li><strong>Centro-Oeste:<\/strong> soja, milho e pecu\u00e1ria bovina;<br><\/li>\n\n\n\n<li><strong>Sul:<\/strong> produ\u00e7\u00e3o leiteira, gr\u00e3os e prote\u00edna animal;<br><\/li>\n\n\n\n<li><strong>Sudeste:<\/strong> caf\u00e9, hortifr\u00fati e agroind\u00fastria;<br><\/li>\n\n\n\n<li><strong>Nordeste:<\/strong> frutas tropicais, cana-de-a\u00e7\u00facar e agricultura irrigada;<br><\/li>\n\n\n\n<li><strong>Norte:<\/strong> a\u00e7a\u00ed, castanha e bovinocultura extensiva.<br><\/li>\n<\/ul>\n\n\n\n<h3 class=\"wp-block-heading\">Papel estrat\u00e9gico global<\/h3>\n\n\n\n<p>O papel do Brasil no cen\u00e1rio internacional j\u00e1 est\u00e1 positivamente consolidado. Afinal, nosso pa\u00eds j\u00e1 ocupa, h\u00e1 tempos, um lugar de destaque entre os maiores exportadores de alimentos do mundo.<\/p>\n\n\n\n<p>Conhe\u00e7a algumas marcas expressivas do Brasil:<\/p>\n\n\n\n<ul class=\"wp-block-list\">\n<li>maior exportador mundial de soja, carne bovina e caf\u00e9;<br><\/li>\n\n\n\n<li>segundo maior exportador de milho e carne de frango;<br><\/li>\n\n\n\n<li>refer\u00eancia em agricultura tropical e uso de tecnologias sustent\u00e1veis;<br><\/li>\n\n\n\n<li>fornecedor vital para a seguran\u00e7a alimentar global.<\/li>\n<\/ul>\n\n\n\n<p>Nos \u00faltimos anos, <strong>o agroneg\u00f3cio tem refor\u00e7ado sua import\u00e2ncia como motor da economia nacional<\/strong>.<strong> <\/strong>De acordo com o Cepea, <a href=\"https:\/\/www1.folha.uol.com.br\/colunas\/vaivem\/2025\/04\/pib-do-agro-reage-no-ultimo-trimestre-e-cresce-181-em-2024.shtml\">em uma reportagem da Folha de S. Paulo<\/a>, o setor reagiu no \u00faltimo trimestre de 2024 e registrou crescimento de 1,81%, somando R$ 2,72 trilh\u00f5es e representando 23% do PIB brasileiro total.&nbsp;<\/p>\n\n\n\n<p>A proje\u00e7\u00e3o para os pr\u00f3ximos anos \u00e9 ainda mais promissora. Segundo a Confedera\u00e7\u00e3o da Agricultura e Pecu\u00e1ria do Brasil (CNA), <a href=\"https:\/\/www.cnnbrasil.com.br\/economia\/agro\/cna-fatia-do-agro-no-pib-deve-fechar-2025-no-maior-nivel-em-22-anos\/\">em uma reportagem da CNN Brasil<\/a>, a participa\u00e7\u00e3o do agroneg\u00f3cio no PIB nacional deve atingir, em 2025, o maior n\u00edvel registrado em 22 anos, consolidando o Brasil como uma pot\u00eancia agroindustrial.<br><\/p>\n\n\n\n<h2 class=\"wp-block-heading\">Desafios ambientais e sociais relacionados ao agro<\/h2>\n\n\n\n<p>Apesar do crescimento cont\u00ednuo, o agroneg\u00f3cio brasileiro enfrenta desafios que exigem aten\u00e7\u00e3o, estrat\u00e9gia e investimento em solu\u00e7\u00f5es integradas.<\/p>\n\n\n\n<h3 class=\"wp-block-heading\">Desafios ambientais<\/h3>\n\n\n\n<p>A produ\u00e7\u00e3o agropecu\u00e1ria em larga escala imp\u00f5e press\u00f5es importantes sobre os recursos naturais. Alguns dos principais desafios ambientais incluem:<\/p>\n\n\n\n<ul class=\"wp-block-list\">\n<li>desmatamento ilegal e avan\u00e7o sobre biomas sens\u00edveis;<br><\/li>\n\n\n\n<li>uso excessivo de defensivos agr\u00edcolas, com impactos sobre o solo e a \u00e1gua;<br><\/li>\n\n\n\n<li>degrada\u00e7\u00e3o do solo e redu\u00e7\u00e3o da biodiversidade.<br><\/li>\n<\/ul>\n\n\n\n<h3 class=\"wp-block-heading\">Desafios sociais<\/h3>\n\n\n\n<p>Do ponto de vista social, o setor enfrenta dilemas hist\u00f3ricos e estruturais que precisam ser superados com pol\u00edticas p\u00fablicas e inova\u00e7\u00e3o.<\/p>\n\n\n\n<p>Entre eles, podemos destacar:<br><\/p>\n\n\n\n<ul class=\"wp-block-list\">\n<li><strong>desigualdade no acesso \u00e0 tecnologia entre grandes e pequenos produtores;<\/strong><br><\/li>\n\n\n\n<li>infraestrutura rural deficiente em diversas regi\u00f5es. A<a href=\"https:\/\/jornal.usp.br\/radio-usp\/falta-de-acesso-a-internet-de-qualidade-no-meio-rural-exclui-pequenos-produtores\/\"> falta de conectividade em algumas \u00e1reas<\/a> ainda \u00e9 um problema;<br><\/li>\n\n\n\n<li>\u00eaxodo rural e falta de sucess\u00e3o familiar no campo.<br><\/li>\n<\/ul>\n\n\n\n<h2 class=\"wp-block-heading\">Uso da tecnologia no agroneg\u00f3cio<\/h2>\n\n\n\n<p>O agroneg\u00f3cio brasileiro tem se destacado pelo uso intensivo de tecnologias para superar barreiras de produ\u00e7\u00e3o, clima e mercado. <strong>A chamada agricultura 4.0 vem transformando como o campo produz<\/strong> e distribui produtos.<\/p>\n\n\n\n<h3 class=\"wp-block-heading\">Tecnologias que transformam o agro<\/h3>\n\n\n\n<p>A inova\u00e7\u00e3o est\u00e1 presente em todas as fases da cadeia produtiva \u2014 do preparo do solo ao controle de estoques e exporta\u00e7\u00e3o.<\/p>\n\n\n\n<p>Algumas das tecnologias mais utilizadas atualmente s\u00e3o:<\/p>\n\n\n\n<ul class=\"wp-block-list\">\n<li><strong>sensores remotos e IoT para monitoramento de lavouras e pastagens;<\/strong><br><\/li>\n\n\n\n<li>drones e imagens de sat\u00e9lite para an\u00e1lise de solo, pragas e produtividade;<br><\/li>\n\n\n\n<li><a href=\"https:\/\/minax.com.br\/site\/caminhao-basculante\/\">m\u00e1quinas<\/a> com GPS integrado, otimizando plantio e colheita;<br><\/li>\n\n\n\n<li><strong>softwares de gest\u00e3o rural que integram custos, clima e resultados;<\/strong><br><\/li>\n\n\n\n<li>intelig\u00eancia artificial para previs\u00e3o de safras e an\u00e1lise de mercado.<br><\/li>\n<\/ul>\n\n\n\n<h3 class=\"wp-block-heading\">Benef\u00edcios do uso tecnol\u00f3gico<\/h3>\n\n\n\n<p>Os benef\u00edcios da digitaliza\u00e7\u00e3o no campo s\u00e3o m\u00faltiplos e transformadores, tanto na opera\u00e7\u00e3o como na gest\u00e3o estrat\u00e9gica.<\/p>\n\n\n\n<p>Entre eles, podemos destacar:<\/p>\n\n\n\n<ul class=\"wp-block-list\">\n<li>redu\u00e7\u00e3o de custos operacionais e desperd\u00edcios;<br><\/li>\n\n\n\n<li>aumento da produtividade e previsibilidade de resultados;<br><\/li>\n\n\n\n<li>tomada de decis\u00e3o com base em dados confi\u00e1veis;<br><\/li>\n\n\n\n<li>rastreabilidade e sustentabilidade da produ\u00e7\u00e3o.<br><\/li>\n<\/ul>\n\n\n\n<h2 class=\"wp-block-heading\">M\u00e1quinas e equipamentos necess\u00e1rios no agroneg\u00f3cio<\/h2>\n\n\n\n<p>A mecaniza\u00e7\u00e3o \u00e9 parte essencial da evolu\u00e7\u00e3o do setor. As <strong>m\u00e1quinas para o agroneg\u00f3cio<\/strong> garantem maior efici\u00eancia operacional, produtividade e seguran\u00e7a no campo.<\/p>\n\n\n\n<h3 class=\"wp-block-heading\">Principais equipamentos utilizados<\/h3>\n\n\n\n<p>Diversos tipos de m\u00e1quinas s\u00e3o fundamentais para diferentes etapas do processo produtivo. Conhe\u00e7a os principais exemplos:<\/p>\n\n\n\n<ul class=\"wp-block-list\">\n<li><strong>tratores agr\u00edcolas:<\/strong> vers\u00e1teis e essenciais em propriedades de todos os portes;<br><\/li>\n\n\n\n<li><strong>plantadeiras e semeadoras:<\/strong> fundamentais para garantir uniformidade no plantio;<br><\/li>\n\n\n\n<li><strong>pulverizadores:<\/strong> permitem aplica\u00e7\u00e3o eficiente de defensivos e fertilizantes;<br><\/li>\n\n\n\n<li><strong>colheitadeiras:<\/strong> agilizam a colheita e reduzem perdas;<br><\/li>\n\n\n\n<li><strong>motoniveladoras e escavadeiras:<\/strong> ajudam na infraestrutura da fazenda;<br><\/li>\n\n\n\n<li><strong>carretas e distribuidores:<\/strong> otimizam o transporte interno de insumos e colheitas.<br><\/li>\n<\/ul>\n\n\n\n<h3 class=\"wp-block-heading\">Vantagens da mecaniza\u00e7\u00e3o<\/h3>\n\n\n\n<p>Al\u00e9m da produtividade, a mecaniza\u00e7\u00e3o proporciona economia, precis\u00e3o e seguran\u00e7a, especialmente em lavouras de grande escala. Entre os benef\u00edcios da mecaniza\u00e7\u00e3o, podemos citar:<\/p>\n\n\n\n<ul class=\"wp-block-list\">\n<li>ganho de tempo nas opera\u00e7\u00f5es;<br><\/li>\n\n\n\n<li>redu\u00e7\u00e3o do esfor\u00e7o humano e maior seguran\u00e7a;<br><\/li>\n\n\n\n<li>menor depend\u00eancia do clima para realizar atividades;<br><\/li>\n\n\n\n<li>controle mais eficiente do uso de insumos e recursos naturais.<br><\/li>\n<\/ul>\n\n\n\n<h2 class=\"wp-block-heading\">Loca\u00e7\u00e3o de m\u00e1quinas e equipamentos com a Minax<\/h2>\n\n\n\n<p>Para muitos produtores e empresas do agro, <strong>a loca\u00e7\u00e3o de m\u00e1quinas no agroneg\u00f3cio \u00e9 uma solu\u00e7\u00e3o inteligente e econ\u00f4mica<\/strong>. Ao inv\u00e9s de imobilizar capital na compra de m\u00e1quinas, \u00e9 poss\u00edvel acessar tecnologia de ponta com menor custo e risco.&nbsp;<\/p>\n\n\n\n<p>Al\u00e9m disso, a loca\u00e7\u00e3o permite que o produtor foque na produtividade, sem as preocupa\u00e7\u00f5es com manuten\u00e7\u00e3o corretiva, seguro ou log\u00edstica de reposi\u00e7\u00e3o.<\/p>\n\n\n\n<p>Outro ponto positivo \u00e9 a possibilidade de <strong>testar diferentes modelos e tecnologias<\/strong> antes de investir em aquisi\u00e7\u00e3o definitiva. Isso proporciona mais seguran\u00e7a t\u00e9cnica e financeira ao produtor, especialmente em culturas que demandam equipamentos espec\u00edficos ou que operam em \u00e1reas com topografias variadas.<\/p>\n\n\n\n<h3 class=\"wp-block-heading\">Por que alugar m\u00e1quinas para o agro?<\/h3>\n\n\n\n<p>O aluguel de equipamentos agr\u00edcolas vem se consolidando como uma tend\u00eancia no campo, especialmente em safras intensas ou de alta exig\u00eancia t\u00e9cnica.<\/p>\n\n\n\n<p>Os principais motivos para optar pela loca\u00e7\u00e3o s\u00e3o:<\/p>\n\n\n\n<ul class=\"wp-block-list\">\n<li>evita o alto investimento inicial na compra de m\u00e1quinas;<br><\/li>\n\n\n\n<li><strong>elimina custos com deprecia\u00e7\u00e3o e revenda;<\/strong><br><\/li>\n\n\n\n<li>permite acesso a equipamentos modernos e atualizados;<br><\/li>\n\n\n\n<li><strong>oferece suporte t\u00e9cnico especializado e manuten\u00e7\u00e3o preventiva;<\/strong><br><\/li>\n\n\n\n<li>amplia a capacidade produtiva durante per\u00edodos de maior demanda;<br><\/li>\n\n\n\n<li><strong>proporciona maior previsibilidade de custos operacionais;<\/strong><br><\/li>\n\n\n\n<li>reduz o tempo de inatividade com m\u00e1quinas sempre prontas para uso.<br><\/li>\n<\/ul>\n\n\n\n<h3 class=\"wp-block-heading\">Diferenciais da Minax no agroneg\u00f3cio<\/h3>\n\n\n\n<p>A Minax \u00e9 especialista em <strong>agroneg\u00f3cio e loca\u00e7\u00e3o de m\u00e1quinas<\/strong>, com solu\u00e7\u00f5es sob medida para diferentes perfis de produtores e empresas rurais. Seu modelo de atendimento \u00e9 focado em agilidade, efici\u00eancia e parceria de longo prazo.<\/p>\n\n\n\n<p>Entre seus principais diferenciais, est\u00e3o:<\/p>\n\n\n\n<ul class=\"wp-block-list\">\n<li><strong>frota moderna<\/strong>, com m\u00e1quinas para diversas culturas e opera\u00e7\u00f5es;<br><\/li>\n\n\n\n<li>atendimento t\u00e9cnico regional e \u00e1gil;<br><\/li>\n\n\n\n<li><strong>contratos adapt\u00e1veis ao calend\u00e1rio agr\u00edcola<\/strong>;<br><\/li>\n\n\n\n<li>orienta\u00e7\u00e3o t\u00e9cnica para uso eficiente e seguro dos equipamentos;<br><\/li>\n\n\n\n<li>compromisso com produtividade, economia e inova\u00e7\u00e3o no campo;<br><\/li>\n\n\n\n<li>presen\u00e7a em regi\u00f5es estrat\u00e9gicas, com log\u00edstica otimizada de entrega e retirada.<br><\/li>\n<\/ul>\n\n\n\n<p>A Minax entende as necessidades espec\u00edficas do campo e atua para garantir que o produtor tenha acesso r\u00e1pido \u00e0s ferramentas certas, no momento certo, com o melhor custo-benef\u00edcio do mercado.<\/p>\n\n\n\n<p>Com protagonismo global, o agroneg\u00f3cio brasileiro segue crescendo e se adaptando <strong>por meio de solu\u00e7\u00f5es tecnol\u00f3gicas, estrat\u00e9gias sustent\u00e1veis e apoio de parceiros como a Minax<\/strong>, que oferece efici\u00eancia e flexibilidade na loca\u00e7\u00e3o de m\u00e1quinas para impulsionar a produ\u00e7\u00e3o.<\/p>\n\n\n\n<p>Pronto para equipar sua opera\u00e7\u00e3o com efici\u00eancia e modernidade? <a href=\"https:\/\/minax.app\/crm\/publish\/site\">Solicite sua cota\u00e7\u00e3o gratuita agora mesmo no site da Minax<\/a> e descubra as solu\u00e7\u00f5es ideais em loca\u00e7\u00e3o de m\u00e1quinas para o agroneg\u00f3cio com tecnologia e suporte especializado!<\/p>\n\n\n\n<p><\/p>\n","protected":false},"excerpt":{"rendered":"<p>O agroneg\u00f3cio \u00e9 um dos pilares econ\u00f4micos mais importantes do Brasil e uma refer\u00eancia mundial quando o assunto \u00e9 produ\u00e7\u00e3o de alimentos, bioenergia e mat\u00e9rias-primas. Ele vai muito al\u00e9m da agricultura: representa uma cadeia integrada de produ\u00e7\u00e3o, tecnologia, com\u00e9rcio e log\u00edstica que conecta o campo \u00e0 cidade e ao mercado global.&nbsp; Neste artigo, exploramos o [&hellip;]<\/p>\n","protected":false},"author":3,"featured_media":1725,"comment_status":"open","ping_status":"closed","sticky":false,"template":"","format":"standard","meta":{"footnotes":""},"categories":[11],"tags":[],"class_list":["post-1724","post","type-post","status-publish","format-standard","has-post-thumbnail","hentry","category-blog"],"yoast_head":"<!-- This site is optimized with the Yoast SEO plugin v25.7 - https:\/\/yoast.com\/wordpress\/plugins\/seo\/ -->\n<title>Agroneg\u00f3cio: confira um panorama sobre o setor no Brasil - Minax - Constru\u00e7\u00f5es e Minera\u00e7\u00e3o<\/title>\n<meta name=\"description\" content=\"Confira um panorama completo do agroneg\u00f3cio brasileiro: impactos, tecnologia e os benef\u00edcios da loca\u00e7\u00e3o de m\u00e1quinas com a Minax.\" \/>\n<meta name=\"robots\" content=\"index, follow, max-snippet:-1, max-image-preview:large, max-video-preview:-1\" \/>\n<link rel=\"canonical\" href=\"https:\/\/minax.com.br\/site\/agronegocio\/\" \/>\n<meta property=\"og:locale\" content=\"pt_BR\" \/>\n<meta property=\"og:type\" content=\"article\" \/>\n<meta property=\"og:title\" content=\"Agroneg\u00f3cio: confira um panorama sobre o setor no Brasil - Minax - Constru\u00e7\u00f5es e Minera\u00e7\u00e3o\" \/>\n<meta property=\"og:description\" content=\"Confira um panorama completo do agroneg\u00f3cio brasileiro: impactos, tecnologia e os benef\u00edcios da loca\u00e7\u00e3o de m\u00e1quinas com a Minax.\" \/>\n<meta property=\"og:url\" content=\"https:\/\/minax.com.br\/site\/agronegocio\/\" \/>\n<meta property=\"og:site_name\" content=\"Minax - Constru\u00e7\u00f5es e Minera\u00e7\u00e3o\" \/>\n<meta property=\"article:publisher\" content=\"https:\/\/www.facebook.com\/minax.tcm\/\" \/>\n<meta property=\"article:published_time\" content=\"2025-07-30T11:07:00+00:00\" \/>\n<meta property=\"og:image\" content=\"https:\/\/minax.com.br\/site\/wp-content\/uploads\/2025\/07\/Agronegocio_-confira-um-panorama-sobre-o-setor-no-Brasil-1024x693.jpeg\" \/>\n\t<meta property=\"og:image:width\" content=\"1024\" \/>\n\t<meta property=\"og:image:height\" content=\"693\" \/>\n\t<meta property=\"og:image:type\" content=\"image\/jpeg\" \/>\n<meta name=\"author\" content=\"Minax\" \/>\n<meta name=\"twitter:card\" content=\"summary_large_image\" \/>\n<meta name=\"twitter:label1\" content=\"Escrito por\" \/>\n\t<meta name=\"twitter:data1\" content=\"Minax\" \/>\n\t<meta name=\"twitter:label2\" content=\"Est. tempo de leitura\" \/>\n\t<meta name=\"twitter:data2\" content=\"10 minutos\" \/>\n<script type=\"application\/ld+json\" class=\"yoast-schema-graph\">{\"@context\":\"https:\/\/schema.org\",\"@graph\":[{\"@type\":\"Article\",\"@id\":\"https:\/\/minax.com.br\/site\/agronegocio\/#article\",\"isPartOf\":{\"@id\":\"https:\/\/minax.com.br\/site\/agronegocio\/\"},\"author\":{\"name\":\"Minax\",\"@id\":\"https:\/\/minax.com.br\/site\/#\/schema\/person\/671a22ccc4ba3798cd154b42912d761a\"},\"headline\":\"Agroneg\u00f3cio: confira um panorama sobre o setor no Brasil\",\"datePublished\":\"2025-07-30T11:07:00+00:00\",\"mainEntityOfPage\":{\"@id\":\"https:\/\/minax.com.br\/site\/agronegocio\/\"},\"wordCount\":1934,\"commentCount\":0,\"publisher\":{\"@id\":\"https:\/\/minax.com.br\/site\/#organization\"},\"image\":{\"@id\":\"https:\/\/minax.com.br\/site\/agronegocio\/#primaryimage\"},\"thumbnailUrl\":\"https:\/\/minax.com.br\/site\/wp-content\/uploads\/2025\/07\/Agronegocio_-confira-um-panorama-sobre-o-setor-no-Brasil.jpeg\",\"articleSection\":[\"Blog\"],\"inLanguage\":\"pt-BR\"},{\"@type\":\"WebPage\",\"@id\":\"https:\/\/minax.com.br\/site\/agronegocio\/\",\"url\":\"https:\/\/minax.com.br\/site\/agronegocio\/\",\"name\":\"Agroneg\u00f3cio: confira um panorama sobre o setor no Brasil - Minax - Constru\u00e7\u00f5es e Minera\u00e7\u00e3o\",\"isPartOf\":{\"@id\":\"https:\/\/minax.com.br\/site\/#website\"},\"primaryImageOfPage\":{\"@id\":\"https:\/\/minax.com.br\/site\/agronegocio\/#primaryimage\"},\"image\":{\"@id\":\"https:\/\/minax.com.br\/site\/agronegocio\/#primaryimage\"},\"thumbnailUrl\":\"https:\/\/minax.com.br\/site\/wp-content\/uploads\/2025\/07\/Agronegocio_-confira-um-panorama-sobre-o-setor-no-Brasil.jpeg\",\"datePublished\":\"2025-07-30T11:07:00+00:00\",\"description\":\"Confira um panorama completo do agroneg\u00f3cio brasileiro: impactos, tecnologia e os benef\u00edcios da loca\u00e7\u00e3o de m\u00e1quinas com a Minax.\",\"breadcrumb\":{\"@id\":\"https:\/\/minax.com.br\/site\/agronegocio\/#breadcrumb\"},\"inLanguage\":\"pt-BR\",\"potentialAction\":[{\"@type\":\"ReadAction\",\"target\":[\"https:\/\/minax.com.br\/site\/agronegocio\/\"]}]},{\"@type\":\"ImageObject\",\"inLanguage\":\"pt-BR\",\"@id\":\"https:\/\/minax.com.br\/site\/agronegocio\/#primaryimage\",\"url\":\"https:\/\/minax.com.br\/site\/wp-content\/uploads\/2025\/07\/Agronegocio_-confira-um-panorama-sobre-o-setor-no-Brasil.jpeg\",\"contentUrl\":\"https:\/\/minax.com.br\/site\/wp-content\/uploads\/2025\/07\/Agronegocio_-confira-um-panorama-sobre-o-setor-no-Brasil.jpeg\",\"width\":2105,\"height\":1424,\"caption\":\"agroneg\u00f3cio\"},{\"@type\":\"BreadcrumbList\",\"@id\":\"https:\/\/minax.com.br\/site\/agronegocio\/#breadcrumb\",\"itemListElement\":[{\"@type\":\"ListItem\",\"position\":1,\"name\":\"In\u00edcio\",\"item\":\"https:\/\/minax.com.br\/site\/\"},{\"@type\":\"ListItem\",\"position\":2,\"name\":\"Agroneg\u00f3cio: confira um panorama sobre o setor no Brasil\"}]},{\"@type\":\"WebSite\",\"@id\":\"https:\/\/minax.com.br\/site\/#website\",\"url\":\"https:\/\/minax.com.br\/site\/\",\"name\":\"Minax - Constru\u00e7\u00f5es e Minera\u00e7\u00e3o\",\"description\":\"Loca\u00e7\u00e3o de M\u00e1quina Pesada, Loca\u00e7\u00e3o de Escavadeira, Loca\u00e7\u00e3o de Caminh\u00e3o Articulado, Loca\u00e7\u00e3o de Caminh\u00e3o 8x4, Loca\u00e7\u00e3o de Trator de Esteira, Loca\u00e7\u00e3o de Motoniveladora\",\"publisher\":{\"@id\":\"https:\/\/minax.com.br\/site\/#organization\"},\"alternateName\":\"Minax\",\"potentialAction\":[{\"@type\":\"SearchAction\",\"target\":{\"@type\":\"EntryPoint\",\"urlTemplate\":\"https:\/\/minax.com.br\/site\/?s={search_term_string}\"},\"query-input\":{\"@type\":\"PropertyValueSpecification\",\"valueRequired\":true,\"valueName\":\"search_term_string\"}}],\"inLanguage\":\"pt-BR\"},{\"@type\":\"Organization\",\"@id\":\"https:\/\/minax.com.br\/site\/#organization\",\"name\":\"Minax - Constru\u00e7\u00f5es e Minera\u00e7\u00e3o\",\"alternateName\":\"Minax\",\"url\":\"https:\/\/minax.com.br\/site\/\",\"logo\":{\"@type\":\"ImageObject\",\"inLanguage\":\"pt-BR\",\"@id\":\"https:\/\/minax.com.br\/site\/#\/schema\/logo\/image\/\",\"url\":\"https:\/\/minax.com.br\/site\/wp-content\/uploads\/2024\/02\/LOGO_MINAX.png\",\"contentUrl\":\"https:\/\/minax.com.br\/site\/wp-content\/uploads\/2024\/02\/LOGO_MINAX.png\",\"width\":313,\"height\":79,\"caption\":\"Minax - Constru\u00e7\u00f5es e Minera\u00e7\u00e3o\"},\"image\":{\"@id\":\"https:\/\/minax.com.br\/site\/#\/schema\/logo\/image\/\"},\"sameAs\":[\"https:\/\/www.facebook.com\/minax.tcm\/\",\"https:\/\/www.instagram.com\/minax.tcm\",\"https:\/\/www.linkedin.com\/company\/minax-transportes-construcoes-pesadas-e-mineracao\"]},{\"@type\":\"Person\",\"@id\":\"https:\/\/minax.com.br\/site\/#\/schema\/person\/671a22ccc4ba3798cd154b42912d761a\",\"name\":\"Minax\",\"image\":{\"@type\":\"ImageObject\",\"inLanguage\":\"pt-BR\",\"@id\":\"https:\/\/minax.com.br\/site\/#\/schema\/person\/image\/\",\"url\":\"https:\/\/secure.gravatar.com\/avatar\/f4cbb0e39af3ab6388bc7719cd3e5f977562da6c6073e579f6e981c3c833cfdf?s=96&d=mm&r=g\",\"contentUrl\":\"https:\/\/secure.gravatar.com\/avatar\/f4cbb0e39af3ab6388bc7719cd3e5f977562da6c6073e579f6e981c3c833cfdf?s=96&d=mm&r=g\",\"caption\":\"Minax\"},\"url\":\"https:\/\/minax.com.br\/site\/author\/editor\/\"}]}<\/script>\n<!-- \/ Yoast SEO plugin. -->","yoast_head_json":{"title":"Agroneg\u00f3cio: confira um panorama sobre o setor no Brasil - Minax - Constru\u00e7\u00f5es e Minera\u00e7\u00e3o","description":"Confira um panorama completo do agroneg\u00f3cio brasileiro: impactos, tecnologia e os benef\u00edcios da loca\u00e7\u00e3o de m\u00e1quinas com a Minax.","robots":{"index":"index","follow":"follow","max-snippet":"max-snippet:-1","max-image-preview":"max-image-preview:large","max-video-preview":"max-video-preview:-1"},"canonical":"https:\/\/minax.com.br\/site\/agronegocio\/","og_locale":"pt_BR","og_type":"article","og_title":"Agroneg\u00f3cio: confira um panorama sobre o setor no Brasil - Minax - Constru\u00e7\u00f5es e Minera\u00e7\u00e3o","og_description":"Confira um panorama completo do agroneg\u00f3cio brasileiro: impactos, tecnologia e os benef\u00edcios da loca\u00e7\u00e3o de m\u00e1quinas com a Minax.","og_url":"https:\/\/minax.com.br\/site\/agronegocio\/","og_site_name":"Minax - Constru\u00e7\u00f5es e Minera\u00e7\u00e3o","article_publisher":"https:\/\/www.facebook.com\/minax.tcm\/","article_published_time":"2025-07-30T11:07:00+00:00","og_image":[{"width":1024,"height":693,"url":"https:\/\/minax.com.br\/site\/wp-content\/uploads\/2025\/07\/Agronegocio_-confira-um-panorama-sobre-o-setor-no-Brasil-1024x693.jpeg","type":"image\/jpeg"}],"author":"Minax","twitter_card":"summary_large_image","twitter_misc":{"Escrito por":"Minax","Est. tempo de leitura":"10 minutos"},"schema":{"@context":"https:\/\/schema.org","@graph":[{"@type":"Article","@id":"https:\/\/minax.com.br\/site\/agronegocio\/#article","isPartOf":{"@id":"https:\/\/minax.com.br\/site\/agronegocio\/"},"author":{"name":"Minax","@id":"https:\/\/minax.com.br\/site\/#\/schema\/person\/671a22ccc4ba3798cd154b42912d761a"},"headline":"Agroneg\u00f3cio: confira um panorama sobre o setor no Brasil","datePublished":"2025-07-30T11:07:00+00:00","mainEntityOfPage":{"@id":"https:\/\/minax.com.br\/site\/agronegocio\/"},"wordCount":1934,"commentCount":0,"publisher":{"@id":"https:\/\/minax.com.br\/site\/#organization"},"image":{"@id":"https:\/\/minax.com.br\/site\/agronegocio\/#primaryimage"},"thumbnailUrl":"https:\/\/minax.com.br\/site\/wp-content\/uploads\/2025\/07\/Agronegocio_-confira-um-panorama-sobre-o-setor-no-Brasil.jpeg","articleSection":["Blog"],"inLanguage":"pt-BR"},{"@type":"WebPage","@id":"https:\/\/minax.com.br\/site\/agronegocio\/","url":"https:\/\/minax.com.br\/site\/agronegocio\/","name":"Agroneg\u00f3cio: confira um panorama sobre o setor no Brasil - Minax - Constru\u00e7\u00f5es e Minera\u00e7\u00e3o","isPartOf":{"@id":"https:\/\/minax.com.br\/site\/#website"},"primaryImageOfPage":{"@id":"https:\/\/minax.com.br\/site\/agronegocio\/#primaryimage"},"image":{"@id":"https:\/\/minax.com.br\/site\/agronegocio\/#primaryimage"},"thumbnailUrl":"https:\/\/minax.com.br\/site\/wp-content\/uploads\/2025\/07\/Agronegocio_-confira-um-panorama-sobre-o-setor-no-Brasil.jpeg","datePublished":"2025-07-30T11:07:00+00:00","description":"Confira um panorama completo do agroneg\u00f3cio brasileiro: impactos, tecnologia e os benef\u00edcios da loca\u00e7\u00e3o de m\u00e1quinas com a Minax.","breadcrumb":{"@id":"https:\/\/minax.com.br\/site\/agronegocio\/#breadcrumb"},"inLanguage":"pt-BR","potentialAction":[{"@type":"ReadAction","target":["https:\/\/minax.com.br\/site\/agronegocio\/"]}]},{"@type":"ImageObject","inLanguage":"pt-BR","@id":"https:\/\/minax.com.br\/site\/agronegocio\/#primaryimage","url":"https:\/\/minax.com.br\/site\/wp-content\/uploads\/2025\/07\/Agronegocio_-confira-um-panorama-sobre-o-setor-no-Brasil.jpeg","contentUrl":"https:\/\/minax.com.br\/site\/wp-content\/uploads\/2025\/07\/Agronegocio_-confira-um-panorama-sobre-o-setor-no-Brasil.jpeg","width":2105,"height":1424,"caption":"agroneg\u00f3cio"},{"@type":"BreadcrumbList","@id":"https:\/\/minax.com.br\/site\/agronegocio\/#breadcrumb","itemListElement":[{"@type":"ListItem","position":1,"name":"In\u00edcio","item":"https:\/\/minax.com.br\/site\/"},{"@type":"ListItem","position":2,"name":"Agroneg\u00f3cio: confira um panorama sobre o setor no Brasil"}]},{"@type":"WebSite","@id":"https:\/\/minax.com.br\/site\/#website","url":"https:\/\/minax.com.br\/site\/","name":"Minax - Constru\u00e7\u00f5es e Minera\u00e7\u00e3o","description":"Loca\u00e7\u00e3o de M\u00e1quina Pesada, Loca\u00e7\u00e3o de Escavadeira, Loca\u00e7\u00e3o de Caminh\u00e3o Articulado, Loca\u00e7\u00e3o de Caminh\u00e3o 8x4, Loca\u00e7\u00e3o de Trator de Esteira, Loca\u00e7\u00e3o de Motoniveladora","publisher":{"@id":"https:\/\/minax.com.br\/site\/#organization"},"alternateName":"Minax","potentialAction":[{"@type":"SearchAction","target":{"@type":"EntryPoint","urlTemplate":"https:\/\/minax.com.br\/site\/?s={search_term_string}"},"query-input":{"@type":"PropertyValueSpecification","valueRequired":true,"valueName":"search_term_string"}}],"inLanguage":"pt-BR"},{"@type":"Organization","@id":"https:\/\/minax.com.br\/site\/#organization","name":"Minax - Constru\u00e7\u00f5es e Minera\u00e7\u00e3o","alternateName":"Minax","url":"https:\/\/minax.com.br\/site\/","logo":{"@type":"ImageObject","inLanguage":"pt-BR","@id":"https:\/\/minax.com.br\/site\/#\/schema\/logo\/image\/","url":"https:\/\/minax.com.br\/site\/wp-content\/uploads\/2024\/02\/LOGO_MINAX.png","contentUrl":"https:\/\/minax.com.br\/site\/wp-content\/uploads\/2024\/02\/LOGO_MINAX.png","width":313,"height":79,"caption":"Minax - Constru\u00e7\u00f5es e Minera\u00e7\u00e3o"},"image":{"@id":"https:\/\/minax.com.br\/site\/#\/schema\/logo\/image\/"},"sameAs":["https:\/\/www.facebook.com\/minax.tcm\/","https:\/\/www.instagram.com\/minax.tcm","https:\/\/www.linkedin.com\/company\/minax-transportes-construcoes-pesadas-e-mineracao"]},{"@type":"Person","@id":"https:\/\/minax.com.br\/site\/#\/schema\/person\/671a22ccc4ba3798cd154b42912d761a","name":"Minax","image":{"@type":"ImageObject","inLanguage":"pt-BR","@id":"https:\/\/minax.com.br\/site\/#\/schema\/person\/image\/","url":"https:\/\/secure.gravatar.com\/avatar\/f4cbb0e39af3ab6388bc7719cd3e5f977562da6c6073e579f6e981c3c833cfdf?s=96&d=mm&r=g","contentUrl":"https:\/\/secure.gravatar.com\/avatar\/f4cbb0e39af3ab6388bc7719cd3e5f977562da6c6073e579f6e981c3c833cfdf?s=96&d=mm&r=g","caption":"Minax"},"url":"https:\/\/minax.com.br\/site\/author\/editor\/"}]}},"_links":{"self":[{"href":"https:\/\/minax.com.br\/site\/wp-json\/wp\/v2\/posts\/1724","targetHints":{"allow":["GET"]}}],"collection":[{"href":"https:\/\/minax.com.br\/site\/wp-json\/wp\/v2\/posts"}],"about":[{"href":"https:\/\/minax.com.br\/site\/wp-json\/wp\/v2\/types\/post"}],"author":[{"embeddable":true,"href":"https:\/\/minax.com.br\/site\/wp-json\/wp\/v2\/users\/3"}],"replies":[{"embeddable":true,"href":"https:\/\/minax.com.br\/site\/wp-json\/wp\/v2\/comments?post=1724"}],"version-history":[{"count":1,"href":"https:\/\/minax.com.br\/site\/wp-json\/wp\/v2\/posts\/1724\/revisions"}],"predecessor-version":[{"id":1726,"href":"https:\/\/minax.com.br\/site\/wp-json\/wp\/v2\/posts\/1724\/revisions\/1726"}],"wp:featuredmedia":[{"embeddable":true,"href":"https:\/\/minax.com.br\/site\/wp-json\/wp\/v2\/media\/1725"}],"wp:attachment":[{"href":"https:\/\/minax.com.br\/site\/wp-json\/wp\/v2\/media?parent=1724"}],"wp:term":[{"taxonomy":"category","embeddable":true,"href":"https:\/\/minax.com.br\/site\/wp-json\/wp\/v2\/categories?post=1724"},{"taxonomy":"post_tag","embeddable":true,"href":"https:\/\/minax.com.br\/site\/wp-json\/wp\/v2\/tags?post=1724"}],"curies":[{"name":"wp","href":"https:\/\/api.w.org\/{rel}","templated":true}]}}