{"id":1732,"date":"2025-07-28T17:55:32","date_gmt":"2025-07-28T20:55:32","guid":{"rendered":"https:\/\/minax.com.br\/site\/?p=1732"},"modified":"2026-01-30T12:36:04","modified_gmt":"2026-01-30T15:36:04","slug":"minax-tem-presenca-confirmada-no-workshop-opex-2025","status":"publish","type":"post","link":"https:\/\/minax.com.br\/site\/minax-tem-presenca-confirmada-no-workshop-opex-2025\/","title":{"rendered":"Minax tem presen\u00e7a confirmada no Workshop Opex 2025: o que esperar do evento em BH\/MG?"},"content":{"rendered":"\n<p>O Workshop Opex 2025 chega a Belo Horizonte nos dias 30 e 31 de julho, no Minas Centro, reunindo l\u00edderes do setor minerometal\u00fargico brasileiro. Com a presen\u00e7a de empresas como Vale, ArcelorMittal, BNDES e Minax,<strong> o encontro promete ser uma vitrine de inova\u00e7\u00e3o&nbsp; e networking de alto n\u00edvel.<\/strong><\/p>\n\n\n\n<p>Profissionais da minera\u00e7\u00e3o e entusiastas da \u00e1rea poder\u00e3o conferir palestras, cases de sucesso e debates estrat\u00e9gicos que contribuem diretamente para redu\u00e7\u00e3o de custos, automa\u00e7\u00e3o industrial e sustentabilidade.&nbsp;<\/p>\n\n\n\n<p>Com a leitura deste artigo, voc\u00ea vai entender mais sobre a edi\u00e7\u00e3o de 2025, o papel do Workshop Opex no fomento de neg\u00f3cios ligados \u00e0 minera\u00e7\u00e3o e o que esperar entre as atra\u00e7\u00f5es. Boa leitura!<\/p>\n\n\n\n<h2 class=\"wp-block-heading\">O que \u00e9 o Workshop OPEX?<\/h2>\n\n\n\n<p>O Workshop Opex <strong>\u00e9 um dos principais eventos t\u00e9cnicos do setor minerometal\u00fargico no Brasi<\/strong>l, promovido pela revista Min\u00e9rios &amp; Minerales.&nbsp;<\/p>\n\n\n\n<p>Em sua 16\u00aa edi\u00e7\u00e3o, o encontro re\u00fane executivos, especialistas e fornecedores para discutir temas como efici\u00eancia operacional, <a href=\"https:\/\/minax.com.br\/site\/tecnologia-na-mineracao-7-tendencias-para-ficar-de-olho\/\">inova\u00e7\u00e3o tecnol\u00f3gica<\/a>, automa\u00e7\u00e3o, digitaliza\u00e7\u00e3o e sustentabilidade.<\/p>\n\n\n\n<p>Realizado em Belo Horizonte desde a primeira edi\u00e7\u00e3o, o evento se consolida como um ambiente prop\u00edcio \u00e0 troca de experi\u00eancias entre mineradoras, prestadores de servi\u00e7o e demais players do setor.<\/p>\n\n\n\n<p>A proposta do workshop \u00e9 reunir a elite t\u00e9cnica e estrat\u00e9gica da <a href=\"https:\/\/minax.com.br\/site\/mineracao\/\">minera\u00e7\u00e3o<\/a> para debater solu\u00e7\u00f5es reais, aplic\u00e1veis e mensur\u00e1veis, com foco em resultados operacionais e retorno sobre investimento.&nbsp;<\/p>\n\n\n\n<p>Por isso, n\u00e3o \u00e9 exagero dizer que \u00e9 um evento que foge das generalidades e mergulha nos desafios concretos enfrentados pelas opera\u00e7\u00f5es no Brasil.<\/p>\n\n\n\n<p>O formato do workshop tamb\u00e9m favorece o aprendizado pr\u00e1tico e a troca de experi\u00eancias entre os participantes. Ao compartilhar casos de sucesso, erros, adapta\u00e7\u00f5es e solu\u00e7\u00f5es criativas, as empresas ajudam a elevar o padr\u00e3o t\u00e9cnico do setor e fomentam a cultura de melhoria cont\u00ednua.&nbsp;<\/p>\n\n\n\n<p>Essa intera\u00e7\u00e3o direta entre profissionais de diferentes segmentos contribui para a forma\u00e7\u00e3o de um pensamento coletivo mais avan\u00e7ado, <strong>capaz de responder aos desafios do futuro com agilidade e inova\u00e7\u00e3o.<\/strong><\/p>\n\n\n\n<h3 class=\"wp-block-heading\">Um formato que valoriza a aplica\u00e7\u00e3o pr\u00e1tica<\/h3>\n\n\n\n<p>Al\u00e9m das apresenta\u00e7\u00f5es t\u00e9cnicas, o Workshop Opex \u00e9 conhecido por sua a<strong>bordagem pr\u00e1tica e foco em resultados<\/strong>. Os participantes t\u00eam acesso a estudos de caso detalhados, que mostram o impacto direto de solu\u00e7\u00f5es aplicadas em plantas e minas por todo o Brasil.<\/p>\n\n\n\n<h3 class=\"wp-block-heading\">Integra\u00e7\u00e3o entre setores e perfis profissionais<\/h3>\n\n\n\n<p>Outro diferencial \u00e9 a variedade de perfis presentes: desde engenheiros e t\u00e9cnicos at\u00e9 executivos e tomadores de decis\u00e3o, o evento promove um ambiente colaborativo em que diferentes perspectivas se complementam.<\/p>\n\n\n\n<h2 class=\"wp-block-heading\">Por que o Workshop Opex \u00e9 refer\u00eancia em boas pr\u00e1ticas operacionais?<\/h2>\n\n\n\n<p>Um dos maiores legados do Workshop Opex <strong>\u00e9 a sua capacidade de fomentar boas pr\u00e1ticas operacionais em escala nacional.&nbsp;<\/strong><\/p>\n\n\n\n<p>Durante o evento, s\u00e3o apresentados m\u00e9todos e solu\u00e7\u00f5es aplicados em campo, validados por resultados concretos em indicadores como disponibilidade de ativos, efici\u00eancia energ\u00e9tica e seguran\u00e7a operacional.<\/p>\n\n\n\n<p>As empresas compartilham cases sobre manuten\u00e7\u00e3o preditiva, uso de sensores inteligentes, sistemas de gest\u00e3o integrada e reaproveitamento de res\u00edduos. Muitos desses projetos, inclusive, nascem como pilotos e s\u00e3o transformados em padr\u00f5es corporativos ap\u00f3s o reconhecimento no evento.<\/p>\n\n\n\n<p>Al\u00e9m disso, o conte\u00fado t\u00e9cnico do workshop funciona como base para treinamentos internos, revis\u00f5es de processos e benchmarking setorial. Gestores e equipes t\u00e9cnicas utilizam as apresenta\u00e7\u00f5es como refer\u00eancia para ajustes e melhorias cont\u00ednuas em suas opera\u00e7\u00f5es.<\/p>\n\n\n\n<p>Ao criar um espa\u00e7o de troca transparente e fundamentada em dados, <strong>o Workshop Opex contribui para a eleva\u00e7\u00e3o do padr\u00e3o t\u00e9cnico da minera\u00e7\u00e3o brasileira,<\/strong> promovendo uma cultura de excel\u00eancia operacional com impacto direto na sustentabilidade e competitividade do setor.<\/p>\n\n\n\n<h2 class=\"wp-block-heading\">O que \u00e9 o Pr\u00eamio Excel\u00eancia da Minera\u00e7\u00e3o?<\/h2>\n\n\n\n<p>O Pr\u00eamio Excel\u00eancia da Ind\u00fastria Minerometal\u00fargica \u00e9 entregue durante o Workshop Opex e reconhece os projetos mais inovadores e eficientes do setor.&nbsp;<\/p>\n\n\n\n<p>Na edi\u00e7\u00e3o de 2025, a cerim\u00f4nia de entrega ocorre no primeiro dia do workshop, com discurso de abertura do governador de Minas Gerais, Romeu Zema \u2014 o que evidencia o prest\u00edgio da premia\u00e7\u00e3o.<\/p>\n\n\n\n<h3 class=\"wp-block-heading\">Um reconhecimento com impacto real<\/h3>\n\n\n\n<p>O pr\u00eamio destaca iniciativas que promovem melhorias substanciais na produtividade, sustentabilidade e redu\u00e7\u00e3o de custos operacionais. Na edi\u00e7\u00e3o anterior, diversos cases foram premiados e serviram como refer\u00eancia no segmento.<\/p>\n\n\n\n<p>Receber o Pr\u00eamio Excel\u00eancia n\u00e3o \u00e9 apenas uma conquista simb\u00f3lica \u2014 trata-se de um reconhecimento p\u00fablico de que a empresa investe em excel\u00eancia operacional com impacto direto na competitividade do setor.&nbsp;<\/p>\n\n\n\n<p>Isso refor\u00e7a o posicionamento de inova\u00e7\u00e3o das empresas no mercado e contribui para a constru\u00e7\u00e3o de uma minera\u00e7\u00e3o mais moderna e respons\u00e1vel.<\/p>\n\n\n\n<h2 class=\"wp-block-heading\">Quem estar\u00e1 presente no Workshop OPEX 2025?<\/h2>\n\n\n\n<p>A edi\u00e7\u00e3o de 2025 contar\u00e1 com a participa\u00e7\u00e3o de grandes nomes da minera\u00e7\u00e3o e institui\u00e7\u00f5es estrat\u00e9gicas. Conhe\u00e7a algumas das atra\u00e7\u00f5es:<\/p>\n\n\n\n<ul class=\"wp-block-list\">\n<li>empresas como Vale, ArcelorMittal, BNDES, Aura Minerals, Itaminas, Lithium Ionic e CMOC apresentar\u00e3o cases e solu\u00e7\u00f5es em efici\u00eancia e inova\u00e7\u00e3o;<\/li>\n\n\n\n<li>fornecedores internacionais tamb\u00e9m estar\u00e3o presentes, como a Valmet, que promete apresentar um case in\u00e9dito sobre v\u00e1lvulas mangote, que ampliaram a vida \u00fatil operacional e reduziram paradas na extra\u00e7\u00e3o de cobre;<\/li>\n\n\n\n<li>o governador de Minas Gerais, Romeu Zema, far\u00e1 o pronunciamento na abertura do Pr\u00eamio de Excel\u00eancia;<\/li>\n\n\n\n<li>e, \u00e9 claro, Minax tem presen\u00e7a confirmada, posicionando-se como player estrat\u00e9gico no setor. Essa participa\u00e7\u00e3o refor\u00e7a a relev\u00e2ncia da empresa no cen\u00e1rio nacional de minera\u00e7\u00e3o.<\/li>\n<\/ul>\n\n\n\n<p>O ambiente estimula conex\u00f5es. O evento tamb\u00e9m atrai consultores, pesquisadores, startups e desenvolvedores de tecnologia que atuam diretamente na cadeia da minera\u00e7\u00e3o, criando um ambiente colaborativo para novas ideias e parcerias.<\/p>\n\n\n\n<h2 class=\"wp-block-heading\">O que esperar da edi\u00e7\u00e3o 2025?&nbsp;<\/h2>\n\n\n\n<p>A programa\u00e7\u00e3o do Workshop Opex 2025 oferece uma variedade de sess\u00f5es t\u00e9cnicas, pain\u00e9is e apresenta\u00e7\u00f5es de cases de destaque. Entre os principais t\u00f3picos, podemos destacar:<\/p>\n\n\n\n<ul class=\"wp-block-list\">\n<li><strong>cases premiados no Pr\u00eamio Excel\u00eancia da Minera\u00e7\u00e3o<\/strong>, mostrando inova\u00e7\u00f5es reais aplicadas em minas e plantas industriais;<\/li>\n\n\n\n<li>pain\u00e9is sobre automa\u00e7\u00e3o, digitaliza\u00e7\u00e3o, rob\u00f3tica aplicada \u00e0 manuten\u00e7\u00e3o e redu\u00e7\u00e3o de perdas operacionais;<\/li>\n\n\n\n<li>apresenta\u00e7\u00e3o da Valmet sobre o case com v\u00e1lvulas mangote Flowrox\u2122, que dobraram o ciclo operacional e reduziram interven\u00e7\u00f5es na planta;<\/li>\n\n\n\n<li><strong>networking com executivos e tomadores de decis\u00e3o<\/strong>, ideal para troca de conhecimento e parcerias estrat\u00e9gicas;<\/li>\n\n\n\n<li>discuss\u00f5es sobre sustentabilidade, inova\u00e7\u00e3o tecnol\u00f3gica e transi\u00e7\u00e3o energ\u00e9tica no setor mineral, com foco em competitividade e responsabilidade social.<\/li>\n<\/ul>\n\n\n\n<h3 class=\"wp-block-heading\">Novidades na abordagem de efici\u00eancia operacional<\/h3>\n\n\n\n<p>A edi\u00e7\u00e3o de 2025 ter\u00e1 \u00eanfase em solu\u00e7\u00f5es que aliam produtividade com baixa emiss\u00e3o de carbono, refletindo a evolu\u00e7\u00e3o das demandas globais.<\/p>\n\n\n\n<h3 class=\"wp-block-heading\">Espa\u00e7o para startups e solu\u00e7\u00f5es emergentes<\/h3>\n\n\n\n<p>Haver\u00e1 um segmento dedicado a startups de minera\u00e7\u00e3o, ampliando a visibilidade de solu\u00e7\u00f5es emergentes e fomentando o ecossistema de inova\u00e7\u00e3o no setor.<\/p>\n\n\n\n<h2 class=\"wp-block-heading\">Como o Workshop Opex impulsiona o setor de minera\u00e7\u00e3o no Brasil?<\/h2>\n\n\n\n<p>Eventos como o Workshop Opex s\u00e3o fundamentais para acelerar o desenvolvimento da minera\u00e7\u00e3o nacional. Eles conectam a ind\u00fastria com solu\u00e7\u00f5es de ponta, estimulam a ado\u00e7\u00e3o de boas pr\u00e1ticas e disseminam o conhecimento gerado em campo por diferentes empresas.<\/p>\n\n\n\n<h3 class=\"wp-block-heading\">Est\u00edmulo \u00e0 inova\u00e7\u00e3o e \u00e0 competitividade<\/h3>\n\n\n\n<p>Em um cen\u00e1rio onde a transforma\u00e7\u00e3o digital e a sustentabilidade s\u00e3o exig\u00eancias globais, a minera\u00e7\u00e3o brasileira precisa evoluir continuamente para manter sua relev\u00e2ncia. Nesse contexto, o Workshop Opex atua como catalisador de mudan\u00e7as positivas, ao proporcionar:<\/p>\n\n\n\n<ul class=\"wp-block-list\">\n<li>acesso a tecnologias inovadoras que aumentam a efici\u00eancia operacional;<\/li>\n\n\n\n<li>benchmarking com projetos premiados e replic\u00e1veis;<\/li>\n\n\n\n<li>est\u00edmulo \u00e0 colabora\u00e7\u00e3o entre empresas e fornecedores;<\/li>\n\n\n\n<li>valoriza\u00e7\u00e3o de profissionais que buscam forma\u00e7\u00e3o t\u00e9cnica cont\u00ednua;<\/li>\n\n\n\n<li>visibilidade a iniciativas que integram performance e responsabilidade ambiental.<\/li>\n<\/ul>\n\n\n\n<h3 class=\"wp-block-heading\">Tradi\u00e7\u00e3o na minera\u00e7\u00e3o<\/h3>\n\n\n\n<p>Ao longo de suas quinze edi\u00e7\u00f5es anteriores, o Workshop Opex consolidou-se como um dos eventos mais relevantes para a ind\u00fastria minerometal\u00fargica no Brasil.&nbsp;<\/p>\n\n\n\n<p><strong>A cada ano, novas solu\u00e7\u00f5es s\u00e3o apresentadas,<\/strong> abordando temas como automa\u00e7\u00e3o, controle de processos, economia circular e seguran\u00e7a operacional.&nbsp;<\/p>\n\n\n\n<p>Esses encontros j\u00e1 reuniram milhares de profissionais e resultaram em conex\u00f5es que se traduziram em projetos concretos, parcerias estrat\u00e9gicas e avan\u00e7os significativos em efici\u00eancia e sustentabilidade.<\/p>\n\n\n\n<p>Em edi\u00e7\u00f5es passadas, foram destaques projetos de automa\u00e7\u00e3o da Vale, sistemas integrados de gest\u00e3o da Nexa Resources, al\u00e9m de iniciativas de descarboniza\u00e7\u00e3o implementadas por players como a ArcelorMittal.&nbsp;<\/p>\n\n\n\n<p><strong>O evento tamb\u00e9m j\u00e1 foi palco de lan\u00e7amentos de tecnologias disruptivas,<\/strong> como sensores preditivos, softwares de intelig\u00eancia operacional e dispositivos de monitoramento remoto de ativos.<\/p>\n\n\n\n<p>Outro ponto marcante \u00e9 a const\u00e2ncia com que o evento se reinventa, incorporando novos temas conforme as demandas do setor evoluem.&nbsp;<\/p>\n\n\n\n<p>Por isso, o Opex \u00e9 visto por muitos como um term\u00f4metro da minera\u00e7\u00e3o brasileira, revelando tend\u00eancias e servindo como guia t\u00e9cnico para as empresas que buscam se manter na vanguarda.<\/p>\n\n\n\n<p>Al\u00e9m do conte\u00fado t\u00e9cnico, o ambiente do evento sempre foi prop\u00edcio ao di\u00e1logo, troca de experi\u00eancias e fortalecimento de redes profissionais. Essa tradi\u00e7\u00e3o de excel\u00eancia \u00e9 o que torna o Workshop Opex mais do que um evento: ele \u00e9 uma refer\u00eancia para quem quer crescer com qualidade no setor mineral.<\/p>\n\n\n\n<h3 class=\"wp-block-heading\">Fomento \u00e0 conex\u00e3o regional<\/h3>\n\n\n\n<p>A escolha do local do evento n\u00e3o \u00e9 \u00e0 toa: Belo Horizonte est\u00e1 inserida em uma das regi\u00f5es mais estrat\u00e9gicas de minera\u00e7\u00e3o do Brasil \u2014 <strong>a do Quadril\u00e1tero Ferr\u00edfero, em Minas Gerais.<\/strong><\/p>\n\n\n\n<p>Portanto, a realiza\u00e7\u00e3o do evento em Belo Horizonte fortalece o ecossistema estadual de neg\u00f3cios e movimenta setores como turismo corporativo, hotelaria e servi\u00e7os especializados.<\/p>\n\n\n\n<p>A participa\u00e7\u00e3o no Workshop Opex 2025 refor\u00e7a a relev\u00e2ncia da minera\u00e7\u00e3o para a economia de Minas Gerais, enquanto seus conte\u00fados conectam inova\u00e7\u00e3o e efici\u00eancia ao dia a dia das opera\u00e7\u00f5es.&nbsp;<\/p>\n\n\n\n<p>Profissionais do setor t\u00eam uma excelente oportunidade para se atualizar, trocar experi\u00eancias e fortalecer sua rede de contatos. A presen\u00e7a da Minax e o destaque do Pr\u00eamio Excel\u00eancia da Minera\u00e7\u00e3o <strong>tornam o Workshop Opex 2025 realmente imperd\u00edvel.<\/strong>Quer conhecer mais sobre as solu\u00e7\u00f5es da Minax para o setor de minera\u00e7\u00e3o? <a href=\"https:\/\/minax.com.br\/site\/\">Acesse o nosso site oficial<\/a> e descubra como temos transformado efici\u00eancia em resultado<\/p>\n\n\n\n<p><\/p>\n","protected":false},"excerpt":{"rendered":"<p>O Workshop Opex 2025 chega a Belo Horizonte nos dias 30 e 31 de julho, no Minas Centro, reunindo l\u00edderes do setor minerometal\u00fargico brasileiro. Com a presen\u00e7a de empresas como Vale, ArcelorMittal, BNDES e Minax, o encontro promete ser uma vitrine de inova\u00e7\u00e3o&nbsp; e networking de alto n\u00edvel. Profissionais da minera\u00e7\u00e3o e entusiastas da \u00e1rea [&hellip;]<\/p>\n","protected":false},"author":3,"featured_media":1733,"comment_status":"closed","ping_status":"closed","sticky":false,"template":"","format":"standard","meta":{"footnotes":""},"categories":[11],"tags":[],"class_list":["post-1732","post","type-post","status-publish","format-standard","has-post-thumbnail","hentry","category-blog"],"yoast_head":"<!-- This site is optimized with the Yoast SEO plugin v25.7 - https:\/\/yoast.com\/wordpress\/plugins\/seo\/ -->\n<title>Minax tem presen\u00e7a confirmada no Workshop Opex 2025<\/title>\n<meta name=\"description\" content=\"Workshop Opex 2025 chega a Belo Horizonte nos dias 30 e 31 de julho e a Minax estar\u00e1 l\u00e1! Saiba o que esperar do evento neste post.\" \/>\n<meta name=\"robots\" content=\"index, follow, max-snippet:-1, max-image-preview:large, max-video-preview:-1\" \/>\n<link rel=\"canonical\" href=\"https:\/\/minax.com.br\/site\/minax-tem-presenca-confirmada-no-workshop-opex-2025\/\" \/>\n<meta property=\"og:locale\" content=\"pt_BR\" \/>\n<meta property=\"og:type\" content=\"article\" \/>\n<meta property=\"og:title\" content=\"Minax tem presen\u00e7a confirmada no Workshop Opex 2025\" \/>\n<meta property=\"og:description\" content=\"Workshop Opex 2025 chega a Belo Horizonte nos dias 30 e 31 de julho e a Minax estar\u00e1 l\u00e1! Saiba o que esperar do evento neste post.\" \/>\n<meta property=\"og:url\" content=\"https:\/\/minax.com.br\/site\/minax-tem-presenca-confirmada-no-workshop-opex-2025\/\" \/>\n<meta property=\"og:site_name\" content=\"Minax - Constru\u00e7\u00f5es e Minera\u00e7\u00e3o\" \/>\n<meta property=\"article:publisher\" content=\"https:\/\/www.facebook.com\/minax.tcm\/\" \/>\n<meta property=\"article:published_time\" content=\"2025-07-28T20:55:32+00:00\" \/>\n<meta property=\"article:modified_time\" content=\"2026-01-30T15:36:04+00:00\" \/>\n<meta property=\"og:image\" content=\"https:\/\/minax.com.br\/site\/wp-content\/uploads\/2025\/07\/Minax-tem-presenca-confirmada-no-Workshop-Opex-2025_-o-que-esperar-do-evento-em-BH_MG.jpeg\" \/>\n\t<meta property=\"og:image:width\" content=\"2119\" \/>\n\t<meta property=\"og:image:height\" content=\"1414\" \/>\n\t<meta property=\"og:image:type\" content=\"image\/jpeg\" \/>\n<meta name=\"author\" content=\"Minax\" \/>\n<meta name=\"twitter:card\" content=\"summary_large_image\" \/>\n<meta name=\"twitter:label1\" content=\"Escrito por\" \/>\n\t<meta name=\"twitter:data1\" content=\"Minax\" \/>\n\t<meta name=\"twitter:label2\" content=\"Est. tempo de leitura\" \/>\n\t<meta name=\"twitter:data2\" content=\"9 minutos\" \/>\n<script type=\"application\/ld+json\" class=\"yoast-schema-graph\">{\"@context\":\"https:\/\/schema.org\",\"@graph\":[{\"@type\":\"Article\",\"@id\":\"https:\/\/minax.com.br\/site\/minax-tem-presenca-confirmada-no-workshop-opex-2025\/#article\",\"isPartOf\":{\"@id\":\"https:\/\/minax.com.br\/site\/minax-tem-presenca-confirmada-no-workshop-opex-2025\/\"},\"author\":{\"name\":\"Minax\",\"@id\":\"https:\/\/minax.com.br\/site\/#\/schema\/person\/671a22ccc4ba3798cd154b42912d761a\"},\"headline\":\"Minax tem presen\u00e7a confirmada no Workshop Opex 2025: o que esperar do evento em BH\/MG?\",\"datePublished\":\"2025-07-28T20:55:32+00:00\",\"dateModified\":\"2026-01-30T15:36:04+00:00\",\"mainEntityOfPage\":{\"@id\":\"https:\/\/minax.com.br\/site\/minax-tem-presenca-confirmada-no-workshop-opex-2025\/\"},\"wordCount\":1799,\"publisher\":{\"@id\":\"https:\/\/minax.com.br\/site\/#organization\"},\"image\":{\"@id\":\"https:\/\/minax.com.br\/site\/minax-tem-presenca-confirmada-no-workshop-opex-2025\/#primaryimage\"},\"thumbnailUrl\":\"https:\/\/minax.com.br\/site\/wp-content\/uploads\/2025\/07\/Minax-tem-presenca-confirmada-no-Workshop-Opex-2025_-o-que-esperar-do-evento-em-BH_MG.jpeg\",\"articleSection\":[\"Blog\"],\"inLanguage\":\"pt-BR\"},{\"@type\":\"WebPage\",\"@id\":\"https:\/\/minax.com.br\/site\/minax-tem-presenca-confirmada-no-workshop-opex-2025\/\",\"url\":\"https:\/\/minax.com.br\/site\/minax-tem-presenca-confirmada-no-workshop-opex-2025\/\",\"name\":\"Minax tem presen\u00e7a confirmada no Workshop Opex 2025\",\"isPartOf\":{\"@id\":\"https:\/\/minax.com.br\/site\/#website\"},\"primaryImageOfPage\":{\"@id\":\"https:\/\/minax.com.br\/site\/minax-tem-presenca-confirmada-no-workshop-opex-2025\/#primaryimage\"},\"image\":{\"@id\":\"https:\/\/minax.com.br\/site\/minax-tem-presenca-confirmada-no-workshop-opex-2025\/#primaryimage\"},\"thumbnailUrl\":\"https:\/\/minax.com.br\/site\/wp-content\/uploads\/2025\/07\/Minax-tem-presenca-confirmada-no-Workshop-Opex-2025_-o-que-esperar-do-evento-em-BH_MG.jpeg\",\"datePublished\":\"2025-07-28T20:55:32+00:00\",\"dateModified\":\"2026-01-30T15:36:04+00:00\",\"description\":\"Workshop Opex 2025 chega a Belo Horizonte nos dias 30 e 31 de julho e a Minax estar\u00e1 l\u00e1! Saiba o que esperar do evento neste post.\",\"breadcrumb\":{\"@id\":\"https:\/\/minax.com.br\/site\/minax-tem-presenca-confirmada-no-workshop-opex-2025\/#breadcrumb\"},\"inLanguage\":\"pt-BR\",\"potentialAction\":[{\"@type\":\"ReadAction\",\"target\":[\"https:\/\/minax.com.br\/site\/minax-tem-presenca-confirmada-no-workshop-opex-2025\/\"]}]},{\"@type\":\"ImageObject\",\"inLanguage\":\"pt-BR\",\"@id\":\"https:\/\/minax.com.br\/site\/minax-tem-presenca-confirmada-no-workshop-opex-2025\/#primaryimage\",\"url\":\"https:\/\/minax.com.br\/site\/wp-content\/uploads\/2025\/07\/Minax-tem-presenca-confirmada-no-Workshop-Opex-2025_-o-que-esperar-do-evento-em-BH_MG.jpeg\",\"contentUrl\":\"https:\/\/minax.com.br\/site\/wp-content\/uploads\/2025\/07\/Minax-tem-presenca-confirmada-no-Workshop-Opex-2025_-o-que-esperar-do-evento-em-BH_MG.jpeg\",\"width\":2119,\"height\":1414},{\"@type\":\"BreadcrumbList\",\"@id\":\"https:\/\/minax.com.br\/site\/minax-tem-presenca-confirmada-no-workshop-opex-2025\/#breadcrumb\",\"itemListElement\":[{\"@type\":\"ListItem\",\"position\":1,\"name\":\"In\u00edcio\",\"item\":\"https:\/\/minax.com.br\/site\/\"},{\"@type\":\"ListItem\",\"position\":2,\"name\":\"Minax tem presen\u00e7a confirmada no Workshop Opex 2025: o que esperar do evento em BH\/MG?\"}]},{\"@type\":\"WebSite\",\"@id\":\"https:\/\/minax.com.br\/site\/#website\",\"url\":\"https:\/\/minax.com.br\/site\/\",\"name\":\"Minax - Constru\u00e7\u00f5es e Minera\u00e7\u00e3o\",\"description\":\"Loca\u00e7\u00e3o de M\u00e1quina Pesada, Loca\u00e7\u00e3o de Escavadeira, Loca\u00e7\u00e3o de Caminh\u00e3o Articulado, Loca\u00e7\u00e3o de Caminh\u00e3o 8x4, Loca\u00e7\u00e3o de Trator de Esteira, Loca\u00e7\u00e3o de Motoniveladora\",\"publisher\":{\"@id\":\"https:\/\/minax.com.br\/site\/#organization\"},\"alternateName\":\"Minax\",\"potentialAction\":[{\"@type\":\"SearchAction\",\"target\":{\"@type\":\"EntryPoint\",\"urlTemplate\":\"https:\/\/minax.com.br\/site\/?s={search_term_string}\"},\"query-input\":{\"@type\":\"PropertyValueSpecification\",\"valueRequired\":true,\"valueName\":\"search_term_string\"}}],\"inLanguage\":\"pt-BR\"},{\"@type\":\"Organization\",\"@id\":\"https:\/\/minax.com.br\/site\/#organization\",\"name\":\"Minax - Constru\u00e7\u00f5es e Minera\u00e7\u00e3o\",\"alternateName\":\"Minax\",\"url\":\"https:\/\/minax.com.br\/site\/\",\"logo\":{\"@type\":\"ImageObject\",\"inLanguage\":\"pt-BR\",\"@id\":\"https:\/\/minax.com.br\/site\/#\/schema\/logo\/image\/\",\"url\":\"https:\/\/minax.com.br\/site\/wp-content\/uploads\/2024\/02\/LOGO_MINAX.png\",\"contentUrl\":\"https:\/\/minax.com.br\/site\/wp-content\/uploads\/2024\/02\/LOGO_MINAX.png\",\"width\":313,\"height\":79,\"caption\":\"Minax - Constru\u00e7\u00f5es e Minera\u00e7\u00e3o\"},\"image\":{\"@id\":\"https:\/\/minax.com.br\/site\/#\/schema\/logo\/image\/\"},\"sameAs\":[\"https:\/\/www.facebook.com\/minax.tcm\/\",\"https:\/\/www.instagram.com\/minax.tcm\",\"https:\/\/www.linkedin.com\/company\/minax-transportes-construcoes-pesadas-e-mineracao\"]},{\"@type\":\"Person\",\"@id\":\"https:\/\/minax.com.br\/site\/#\/schema\/person\/671a22ccc4ba3798cd154b42912d761a\",\"name\":\"Minax\",\"image\":{\"@type\":\"ImageObject\",\"inLanguage\":\"pt-BR\",\"@id\":\"https:\/\/minax.com.br\/site\/#\/schema\/person\/image\/\",\"url\":\"https:\/\/secure.gravatar.com\/avatar\/f4cbb0e39af3ab6388bc7719cd3e5f977562da6c6073e579f6e981c3c833cfdf?s=96&d=mm&r=g\",\"contentUrl\":\"https:\/\/secure.gravatar.com\/avatar\/f4cbb0e39af3ab6388bc7719cd3e5f977562da6c6073e579f6e981c3c833cfdf?s=96&d=mm&r=g\",\"caption\":\"Minax\"},\"url\":\"https:\/\/minax.com.br\/site\/author\/editor\/\"}]}<\/script>\n<!-- \/ Yoast SEO plugin. -->","yoast_head_json":{"title":"Minax tem presen\u00e7a confirmada no Workshop Opex 2025","description":"Workshop Opex 2025 chega a Belo Horizonte nos dias 30 e 31 de julho e a Minax estar\u00e1 l\u00e1! Saiba o que esperar do evento neste post.","robots":{"index":"index","follow":"follow","max-snippet":"max-snippet:-1","max-image-preview":"max-image-preview:large","max-video-preview":"max-video-preview:-1"},"canonical":"https:\/\/minax.com.br\/site\/minax-tem-presenca-confirmada-no-workshop-opex-2025\/","og_locale":"pt_BR","og_type":"article","og_title":"Minax tem presen\u00e7a confirmada no Workshop Opex 2025","og_description":"Workshop Opex 2025 chega a Belo Horizonte nos dias 30 e 31 de julho e a Minax estar\u00e1 l\u00e1! Saiba o que esperar do evento neste post.","og_url":"https:\/\/minax.com.br\/site\/minax-tem-presenca-confirmada-no-workshop-opex-2025\/","og_site_name":"Minax - Constru\u00e7\u00f5es e Minera\u00e7\u00e3o","article_publisher":"https:\/\/www.facebook.com\/minax.tcm\/","article_published_time":"2025-07-28T20:55:32+00:00","article_modified_time":"2026-01-30T15:36:04+00:00","og_image":[{"width":2119,"height":1414,"url":"https:\/\/minax.com.br\/site\/wp-content\/uploads\/2025\/07\/Minax-tem-presenca-confirmada-no-Workshop-Opex-2025_-o-que-esperar-do-evento-em-BH_MG.jpeg","type":"image\/jpeg"}],"author":"Minax","twitter_card":"summary_large_image","twitter_misc":{"Escrito por":"Minax","Est. tempo de leitura":"9 minutos"},"schema":{"@context":"https:\/\/schema.org","@graph":[{"@type":"Article","@id":"https:\/\/minax.com.br\/site\/minax-tem-presenca-confirmada-no-workshop-opex-2025\/#article","isPartOf":{"@id":"https:\/\/minax.com.br\/site\/minax-tem-presenca-confirmada-no-workshop-opex-2025\/"},"author":{"name":"Minax","@id":"https:\/\/minax.com.br\/site\/#\/schema\/person\/671a22ccc4ba3798cd154b42912d761a"},"headline":"Minax tem presen\u00e7a confirmada no Workshop Opex 2025: o que esperar do evento em BH\/MG?","datePublished":"2025-07-28T20:55:32+00:00","dateModified":"2026-01-30T15:36:04+00:00","mainEntityOfPage":{"@id":"https:\/\/minax.com.br\/site\/minax-tem-presenca-confirmada-no-workshop-opex-2025\/"},"wordCount":1799,"publisher":{"@id":"https:\/\/minax.com.br\/site\/#organization"},"image":{"@id":"https:\/\/minax.com.br\/site\/minax-tem-presenca-confirmada-no-workshop-opex-2025\/#primaryimage"},"thumbnailUrl":"https:\/\/minax.com.br\/site\/wp-content\/uploads\/2025\/07\/Minax-tem-presenca-confirmada-no-Workshop-Opex-2025_-o-que-esperar-do-evento-em-BH_MG.jpeg","articleSection":["Blog"],"inLanguage":"pt-BR"},{"@type":"WebPage","@id":"https:\/\/minax.com.br\/site\/minax-tem-presenca-confirmada-no-workshop-opex-2025\/","url":"https:\/\/minax.com.br\/site\/minax-tem-presenca-confirmada-no-workshop-opex-2025\/","name":"Minax tem presen\u00e7a confirmada no Workshop Opex 2025","isPartOf":{"@id":"https:\/\/minax.com.br\/site\/#website"},"primaryImageOfPage":{"@id":"https:\/\/minax.com.br\/site\/minax-tem-presenca-confirmada-no-workshop-opex-2025\/#primaryimage"},"image":{"@id":"https:\/\/minax.com.br\/site\/minax-tem-presenca-confirmada-no-workshop-opex-2025\/#primaryimage"},"thumbnailUrl":"https:\/\/minax.com.br\/site\/wp-content\/uploads\/2025\/07\/Minax-tem-presenca-confirmada-no-Workshop-Opex-2025_-o-que-esperar-do-evento-em-BH_MG.jpeg","datePublished":"2025-07-28T20:55:32+00:00","dateModified":"2026-01-30T15:36:04+00:00","description":"Workshop Opex 2025 chega a Belo Horizonte nos dias 30 e 31 de julho e a Minax estar\u00e1 l\u00e1! Saiba o que esperar do evento neste post.","breadcrumb":{"@id":"https:\/\/minax.com.br\/site\/minax-tem-presenca-confirmada-no-workshop-opex-2025\/#breadcrumb"},"inLanguage":"pt-BR","potentialAction":[{"@type":"ReadAction","target":["https:\/\/minax.com.br\/site\/minax-tem-presenca-confirmada-no-workshop-opex-2025\/"]}]},{"@type":"ImageObject","inLanguage":"pt-BR","@id":"https:\/\/minax.com.br\/site\/minax-tem-presenca-confirmada-no-workshop-opex-2025\/#primaryimage","url":"https:\/\/minax.com.br\/site\/wp-content\/uploads\/2025\/07\/Minax-tem-presenca-confirmada-no-Workshop-Opex-2025_-o-que-esperar-do-evento-em-BH_MG.jpeg","contentUrl":"https:\/\/minax.com.br\/site\/wp-content\/uploads\/2025\/07\/Minax-tem-presenca-confirmada-no-Workshop-Opex-2025_-o-que-esperar-do-evento-em-BH_MG.jpeg","width":2119,"height":1414},{"@type":"BreadcrumbList","@id":"https:\/\/minax.com.br\/site\/minax-tem-presenca-confirmada-no-workshop-opex-2025\/#breadcrumb","itemListElement":[{"@type":"ListItem","position":1,"name":"In\u00edcio","item":"https:\/\/minax.com.br\/site\/"},{"@type":"ListItem","position":2,"name":"Minax tem presen\u00e7a confirmada no Workshop Opex 2025: o que esperar do evento em BH\/MG?"}]},{"@type":"WebSite","@id":"https:\/\/minax.com.br\/site\/#website","url":"https:\/\/minax.com.br\/site\/","name":"Minax - Constru\u00e7\u00f5es e Minera\u00e7\u00e3o","description":"Loca\u00e7\u00e3o de M\u00e1quina Pesada, Loca\u00e7\u00e3o de Escavadeira, Loca\u00e7\u00e3o de Caminh\u00e3o Articulado, Loca\u00e7\u00e3o de Caminh\u00e3o 8x4, Loca\u00e7\u00e3o de Trator de Esteira, Loca\u00e7\u00e3o de Motoniveladora","publisher":{"@id":"https:\/\/minax.com.br\/site\/#organization"},"alternateName":"Minax","potentialAction":[{"@type":"SearchAction","target":{"@type":"EntryPoint","urlTemplate":"https:\/\/minax.com.br\/site\/?s={search_term_string}"},"query-input":{"@type":"PropertyValueSpecification","valueRequired":true,"valueName":"search_term_string"}}],"inLanguage":"pt-BR"},{"@type":"Organization","@id":"https:\/\/minax.com.br\/site\/#organization","name":"Minax - Constru\u00e7\u00f5es e Minera\u00e7\u00e3o","alternateName":"Minax","url":"https:\/\/minax.com.br\/site\/","logo":{"@type":"ImageObject","inLanguage":"pt-BR","@id":"https:\/\/minax.com.br\/site\/#\/schema\/logo\/image\/","url":"https:\/\/minax.com.br\/site\/wp-content\/uploads\/2024\/02\/LOGO_MINAX.png","contentUrl":"https:\/\/minax.com.br\/site\/wp-content\/uploads\/2024\/02\/LOGO_MINAX.png","width":313,"height":79,"caption":"Minax - Constru\u00e7\u00f5es e Minera\u00e7\u00e3o"},"image":{"@id":"https:\/\/minax.com.br\/site\/#\/schema\/logo\/image\/"},"sameAs":["https:\/\/www.facebook.com\/minax.tcm\/","https:\/\/www.instagram.com\/minax.tcm","https:\/\/www.linkedin.com\/company\/minax-transportes-construcoes-pesadas-e-mineracao"]},{"@type":"Person","@id":"https:\/\/minax.com.br\/site\/#\/schema\/person\/671a22ccc4ba3798cd154b42912d761a","name":"Minax","image":{"@type":"ImageObject","inLanguage":"pt-BR","@id":"https:\/\/minax.com.br\/site\/#\/schema\/person\/image\/","url":"https:\/\/secure.gravatar.com\/avatar\/f4cbb0e39af3ab6388bc7719cd3e5f977562da6c6073e579f6e981c3c833cfdf?s=96&d=mm&r=g","contentUrl":"https:\/\/secure.gravatar.com\/avatar\/f4cbb0e39af3ab6388bc7719cd3e5f977562da6c6073e579f6e981c3c833cfdf?s=96&d=mm&r=g","caption":"Minax"},"url":"https:\/\/minax.com.br\/site\/author\/editor\/"}]}},"_links":{"self":[{"href":"https:\/\/minax.com.br\/site\/wp-json\/wp\/v2\/posts\/1732","targetHints":{"allow":["GET"]}}],"collection":[{"href":"https:\/\/minax.com.br\/site\/wp-json\/wp\/v2\/posts"}],"about":[{"href":"https:\/\/minax.com.br\/site\/wp-json\/wp\/v2\/types\/post"}],"author":[{"embeddable":true,"href":"https:\/\/minax.com.br\/site\/wp-json\/wp\/v2\/users\/3"}],"replies":[{"embeddable":true,"href":"https:\/\/minax.com.br\/site\/wp-json\/wp\/v2\/comments?post=1732"}],"version-history":[{"count":1,"href":"https:\/\/minax.com.br\/site\/wp-json\/wp\/v2\/posts\/1732\/revisions"}],"predecessor-version":[{"id":1734,"href":"https:\/\/minax.com.br\/site\/wp-json\/wp\/v2\/posts\/1732\/revisions\/1734"}],"wp:featuredmedia":[{"embeddable":true,"href":"https:\/\/minax.com.br\/site\/wp-json\/wp\/v2\/media\/1733"}],"wp:attachment":[{"href":"https:\/\/minax.com.br\/site\/wp-json\/wp\/v2\/media?parent=1732"}],"wp:term":[{"taxonomy":"category","embeddable":true,"href":"https:\/\/minax.com.br\/site\/wp-json\/wp\/v2\/categories?post=1732"},{"taxonomy":"post_tag","embeddable":true,"href":"https:\/\/minax.com.br\/site\/wp-json\/wp\/v2\/tags?post=1732"}],"curies":[{"name":"wp","href":"https:\/\/api.w.org\/{rel}","templated":true}]}}