{"id":1749,"date":"2025-08-19T08:00:00","date_gmt":"2025-08-19T11:00:00","guid":{"rendered":"https:\/\/minax.com.br\/site\/?p=1749"},"modified":"2025-07-30T11:40:13","modified_gmt":"2025-07-30T14:40:13","slug":"agricultura-regenerativa","status":"publish","type":"post","link":"https:\/\/minax.com.br\/site\/agricultura-regenerativa\/","title":{"rendered":"Agricultura regenerativa: o que \u00e9 e como transforma o campo?"},"content":{"rendered":"\n<p>A agricultura regenerativa<strong> <\/strong>est\u00e1 ganhando espa\u00e7o entre produtores rurais, especialistas em sustentabilidade e empresas preocupadas com o futuro do planeta. <strong>Muito mais do que uma mera tend\u00eancia<\/strong>, trata-se de um modelo produtivo capaz de restaurar ecossistemas, melhorar a sa\u00fade do solo e transformar o campo em um ambiente mais resiliente e lucrativo.<\/p>\n\n\n\n<p>Mas afinal, o que \u00e9 agricultura regenerativa e como ela pode ser adotada nas fazendas brasileiras? Neste artigo, explicamos os fundamentos desse conceito, seus pilares, pr\u00e1ticas comuns e benef\u00edcios, al\u00e9m de mostrar como a tecnologia tem sido uma grande aliada nesse novo jeito de produzir no campo.<\/p>\n\n\n\n<h2 class=\"wp-block-heading\">O que \u00e9 agricultura regenerativa?<\/h2>\n\n\n\n<p>A <a href=\"https:\/\/minax.com.br\/site\/agricultura-moderna\/\">agricultura<\/a> regenerativa \u00e9 um modelo de produ\u00e7\u00e3o agr\u00edcola <strong>que visa restaurar e fortalecer os ecossistemas naturais enquanto gera alimentos<\/strong>.&nbsp;<\/p>\n\n\n\n<p>Ela busca melhorar a sa\u00fade do solo, aumentar a biodiversidade e capturar carbono, promovendo um ciclo produtivo mais equilibrado, resiliente e ambientalmente respons\u00e1vel.<\/p>\n\n\n\n<p>Al\u00e9m disso, a agricultura regenerativa \u00e9 um sistema de cultivo que vai al\u00e9m da sustentabilidade. Seu objetivo principal n\u00e3o \u00e9 apenas preservar os recursos naturais, mas regener\u00e1-los. Isso inclui restaurar solos degradados, aumentar a biodiversidade, melhorar o ciclo da \u00e1gua e capturar carbono da atmosfera.<\/p>\n\n\n\n<p>Ela se baseia em pr\u00e1ticas agr\u00edcolas que imitam os processos da natureza, favorecendo a sa\u00fade do solo, a vida microbiana e a integra\u00e7\u00e3o entre culturas, animais e paisagens.&nbsp;<\/p>\n\n\n\n<p>Essa abordagem tamb\u00e9m considera aspectos sociais e econ\u00f4micos, propondo uma agricultura mais justa, eficiente e alinhada com os limites do planeta.<\/p>\n\n\n\n<p>Esse modelo de agricultura parte da premissa de que a terra \u00e9 um organismo vivo que precisa ser cuidado de forma integrada e sist\u00eamica.&nbsp;<\/p>\n\n\n\n<p>Portanto, n\u00e3o se trata apenas de t\u00e9cnicas pontuais, <strong>mas de uma mudan\u00e7a profunda na forma de pensar e agir no campo<\/strong>. Por isso, tamb\u00e9m envolve quest\u00f5es de justi\u00e7a social, bem-estar animal e soberania alimentar.<\/p>\n\n\n\n<h2 class=\"wp-block-heading\">Qual a diferen\u00e7a entre agricultura regenerativa e modelos tradicionais?<\/h2>\n\n\n\n<p>Diferente dos modelos convencionais, que muitas vezes se apoiam no uso intensivo de insumos qu\u00edmicos e monoculturas,<strong> a agricultura regenerativa prioriza o uso de t\u00e9cnicas naturais e integradas.<\/strong><\/p>\n\n\n\n<p>Enquanto os m\u00e9todos tradicionais podem esgotar os recursos naturais ao longo do tempo, a agricultura regenerativa busca criar um ciclo de produ\u00e7\u00e3o que se renova continuamente.<\/p>\n\n\n\n<p>Essas caracter\u00edsticas geram os seguintes resultados:<\/p>\n\n\n\n<ul class=\"wp-block-list\">\n<li>foco na vida do solo e na sua capacidade de se regenerar;<br><\/li>\n\n\n\n<li>uso m\u00ednimo ou nulo de agrot\u00f3xicos e fertilizantes sint\u00e9ticos;<br><\/li>\n\n\n\n<li>diversidade de culturas em vez de monocultura;<br><\/li>\n\n\n\n<li>valoriza\u00e7\u00e3o dos saberes locais e das conex\u00f5es ecol\u00f3gicas.<br><\/li>\n<\/ul>\n\n\n\n<p>Essa abordagem se mostra especialmente eficaz em tempos de crise clim\u00e1tica, onde a depend\u00eancia de solu\u00e7\u00f5es externas (como fertilizantes importados) pode ser arriscada.&nbsp;<\/p>\n\n\n\n<p>Tamb\u00e9m \u00e9 importante destacar que, enquanto os modelos tradicionais priorizam rendimento imediato, a agricultura regenerativa mira resultados consistentes ao longo do tempo, com mais estabilidade e resili\u00eancia.<\/p>\n\n\n\n<h2 class=\"wp-block-heading\">Como surgiu?<\/h2>\n\n\n\n<p>O conceito de agricultura regenerativa <strong>come\u00e7ou a ganhar for\u00e7a na d\u00e9cada de 1980, nos Estados Unidos<\/strong>, como uma resposta cr\u00edtica aos impactos ambientais do modelo tradicional. Foi promovido por movimentos como o do Rodale Institute, com foco na restaura\u00e7\u00e3o dos solos.<\/p>\n\n\n\n<p>Com o tempo, o termo evoluiu e passou a ser adotado por agricultores, cientistas e empresas ao redor do mundo, especialmente diante dos desafios impostos pelas mudan\u00e7as clim\u00e1ticas, escassez de recursos e necessidade de uma produ\u00e7\u00e3o de alimentos mais saud\u00e1vel e transparente.<\/p>\n\n\n\n<p>Atualmente, grandes marcas globais do setor aliment\u00edcio e t\u00eaxtil est\u00e3o promovendo cadeias de suprimento baseadas em princ\u00edpios regenerativos.&nbsp;<\/p>\n\n\n\n<p><a href=\"https:\/\/minax.com.br\/site\/agricultura-brasileira-em-foco-confira-o-panorama-atual\/\">No Brasil<\/a>, o conceito tem ganhado for\u00e7a entre <strong>agricultores familiares, agroflorestas e grandes produtores<\/strong> que percebem os ganhos econ\u00f4micos e ambientais dessa transi\u00e7\u00e3o.&nbsp;<\/p>\n\n\n\n<p><a href=\"https:\/\/agro.insper.edu.br\/agro-in-data\/artigos\/agricultura-regenerativa-o-que-ha-de-novo?\">De acordo com um estudo do Insper<\/a>, t\u00e9cnicas como o plantio direto, a cultura de cobertura e o controle biol\u00f3gico j\u00e1 conquistaram seu espa\u00e7o.<\/p>\n\n\n\n<h2 class=\"wp-block-heading\">Quais s\u00e3o os pilares da agricultura regenerativa?<\/h2>\n\n\n\n<p>A agricultura regenerativa se estrutura sobre cinco pilares centrais, que orientam as pr\u00e1ticas no campo e servem de guia para quem deseja iniciar nessa jornada:<\/p>\n\n\n\n<ul class=\"wp-block-list\">\n<li><strong>cobertura permanente do solo:<\/strong> evita eros\u00e3o, protege a microbiota e conserva a umidade;<br><\/li>\n\n\n\n<li><strong>diversidade de culturas e integra\u00e7\u00e3o lavoura-pecu\u00e1ria:<\/strong> promove resili\u00eancia ecol\u00f3gica e uso eficiente dos recursos;<br><\/li>\n\n\n\n<li><strong>m\u00ednima interfer\u00eancia no solo:<\/strong> reduz revolvimento para preservar a estrutura natural e a vida subterr\u00e2nea;<br><\/li>\n\n\n\n<li><strong>presen\u00e7a cont\u00ednua de ra\u00edzes vivas:<\/strong> estimula a atividade biol\u00f3gica durante todo o ano;<br><\/li>\n\n\n\n<li><strong>uso de insumos naturais:<\/strong> favorece a fertilidade org\u00e2nica e a sa\u00fade do ecossistema.<br><\/li>\n<\/ul>\n\n\n\n<p>Esses princ\u00edpios funcionam como a espinha dorsal da agricultura regenerativa. Eles est\u00e3o interligados e atuam em sinergia para criar um ecossistema agr\u00edcola din\u00e2mico, produtivo e em constante evolu\u00e7\u00e3o. Quanto mais esses pilares s\u00e3o respeitados, mais sustent\u00e1vel e eficiente se torna a produ\u00e7\u00e3o no campo.<\/p>\n\n\n\n<h2 class=\"wp-block-heading\">Quais as pr\u00e1ticas de agricultura regenerativa mais comuns?<\/h2>\n\n\n\n<p>Existem diversas pr\u00e1ticas associadas \u00e0 agricultura regenerativa na fazenda, e muitas delas j\u00e1 s\u00e3o conhecidas pelos produtores brasileiros. A escolha de quais adotar <strong>depende do tipo de solo, clima, cultura e objetivos do produtor<\/strong>.<\/p>\n\n\n\n<p>Entre as mais utilizadas, \u00e9 poss\u00edvel destacar:<\/p>\n\n\n\n<ul class=\"wp-block-list\">\n<li>plantio direto e cobertura com palhada;<br><\/li>\n\n\n\n<li>cons\u00f3rcios de culturas e rota\u00e7\u00e3o de esp\u00e9cies;<br><\/li>\n\n\n\n<li>agroflorestas e sistemas silvipastoris;<br><\/li>\n\n\n\n<li>uso de compostagem e biofertilizantes;<br><\/li>\n\n\n\n<li>pastoreio rotacionado e manejo hol\u00edstico;<br><\/li>\n\n\n\n<li>recupera\u00e7\u00e3o de nascentes e \u00e1reas degradadas.<br><\/li>\n<\/ul>\n\n\n\n<p>Essas pr\u00e1ticas n\u00e3o exigem, necessariamente, altos investimentos. Muitas delas podem ser iniciadas de forma gradual, aproveitando os recursos j\u00e1 dispon\u00edveis na propriedade.&nbsp;<\/p>\n\n\n\n<p>Ao estimular a intera\u00e7\u00e3o entre diferentes elementos da paisagem (solo, plantas, animais, \u00e1gua), essas atitudes<strong> tornam o sistema agr\u00edcola mais resiliente e produtivo<\/strong>.<\/p>\n\n\n\n<h2 class=\"wp-block-heading\">Quais s\u00e3o os maiores benef\u00edcios da agricultura regenerativa?<\/h2>\n\n\n\n<p>Adotar os princ\u00edpios da agricultura regenerativa <strong>gera impactos positivos n\u00e3o apenas ambientais, mas tamb\u00e9m econ\u00f4micos e sociais<\/strong>. Vamos conhecer os diversos benef\u00edcios, a seguir.<\/p>\n\n\n\n<h3 class=\"wp-block-heading\">Aumento da produtividade com menor depend\u00eancia de insumos<\/h3>\n\n\n\n<p>Com a recupera\u00e7\u00e3o da vida do solo, o sistema se torna mais f\u00e9rtil e equilibrado, o que favorece o rendimento das lavouras ao longo do tempo. Essa produtividade sustent\u00e1vel reduz a necessidade de insumos externos, como fertilizantes e corretivos qu\u00edmicos, que costumam pesar no custo de produ\u00e7\u00e3o.<\/p>\n\n\n\n<h3 class=\"wp-block-heading\">Economia em fertilizantes e defensivos<\/h3>\n\n\n\n<p>A presen\u00e7a de mat\u00e9ria org\u00e2nica, o uso de adubos verdes e o equil\u00edbrio biol\u00f3gico natural reduzem significativamente a necessidade de insumos industriais. Isso representa uma economia direta para o produtor e ainda contribui para a sa\u00fade ambiental da propriedade.<\/p>\n\n\n\n<h3 class=\"wp-block-heading\">Maior reten\u00e7\u00e3o de \u00e1gua no solo<\/h3>\n\n\n\n<p>Sistemas com cobertura vegetal permanente e ra\u00edzes profundas aumentam a infiltra\u00e7\u00e3o da \u00e1gua da chuva e reduzem a evapora\u00e7\u00e3o. Assim, <strong>o solo se torna mais resistente em per\u00edodos de estiagem<\/strong> e a necessidade de irriga\u00e7\u00e3o \u00e9 reduzida.<\/p>\n\n\n\n<h3 class=\"wp-block-heading\">Est\u00edmulo \u00e0 biodiversidade funcional<\/h3>\n\n\n\n<p>A diversifica\u00e7\u00e3o de culturas e a<strong> integra\u00e7\u00e3o com sistemas silvipastoris<\/strong> atraem polinizadores, predadores naturais de pragas e microrganismos ben\u00e9ficos ao solo. A biodiversidade fortalece o sistema produtivo e diminui a incid\u00eancia de doen\u00e7as e infesta\u00e7\u00f5es.<\/p>\n\n\n\n<h3 class=\"wp-block-heading\">Melhora da qualidade nutricional dos alimentos<\/h3>\n\n\n\n<p>Solos vivos e equilibrados fornecem nutrientes de forma mais eficiente \u00e0s plantas, o que resulta em alimentos mais ricos em vitaminas, minerais e compostos bioativos. Isso agrega valor aos produtos e atende \u00e0 demanda crescente por alimentos saud\u00e1veis.<\/p>\n\n\n\n<h3 class=\"wp-block-heading\">Redu\u00e7\u00e3o de emiss\u00f5es de gases de efeito estufa<\/h3>\n\n\n\n<p>Pr\u00e1ticas como o plantio direto, o uso de cobertura vegetal e a menor aplica\u00e7\u00e3o de insumos qu\u00edmicos contribuem para a redu\u00e7\u00e3o da emiss\u00e3o de CO\u2082 e outros gases poluentes. Isso alinha a produ\u00e7\u00e3o agr\u00edcola \u00e0s metas globais de mitiga\u00e7\u00e3o clim\u00e1tica.<\/p>\n\n\n\n<h3 class=\"wp-block-heading\">Sequestro de carbono no solo<\/h3>\n\n\n\n<p>Al\u00e9m de evitar emiss\u00f5es, o modelo regenerativo favorece o sequestro de carbono no solo por meio do ac\u00famulo de mat\u00e9ria org\u00e2nica. Essa pr\u00e1tica ajuda a reverter os efeitos da mudan\u00e7a clim\u00e1tica e<strong> transforma o campo em um aliado na luta contra o aquecimento global<\/strong>.<\/p>\n\n\n\n<h3 class=\"wp-block-heading\">Valoriza\u00e7\u00e3o da imagem do produtor<\/h3>\n\n\n\n<p>Produtores que adotam pr\u00e1ticas regenerativas se destacam em um mercado cada vez mais exigente e consciente. Certifica\u00e7\u00f5es, rastreabilidade e hist\u00f3rias de impacto socioambiental tornam os produtos mais atrativos para consumidores e empresas comprometidas com a sustentabilidade.<\/p>\n\n\n\n<p>A longo prazo, a <a href=\"https:\/\/minax.com.br\/site\/caminhao-basculante\/\">agricultura<\/a> regenerativa pode ser decisiva para manter o campo vi\u00e1vel em cen\u00e1rios de crise clim\u00e1tica e escassez de recursos.&nbsp;<\/p>\n\n\n\n<p>Al\u00e9m disso, o consumidor moderno est\u00e1 cada vez mais atento \u00e0 origem dos alimentos, <strong>o que representa uma oportunidade para quem aposta em modelos regenerativos<\/strong> e transpar\u00eancia nas cadeias de produ\u00e7\u00e3o.<\/p>\n\n\n\n<h2 class=\"wp-block-heading\">Quais s\u00e3o os desafios da agricultura regenerativa?<\/h2>\n\n\n\n<p>Apesar das vantagens, esse modelo de agricultura ainda enfrenta obst\u00e1culos que dificultam sua ado\u00e7\u00e3o em larga escala. Entre os principais desafios, \u00e9 poss\u00edvel destacar:<\/p>\n\n\n\n<ul class=\"wp-block-list\">\n<li>resist\u00eancia cultural de produtores acostumados ao modelo convencional;<br><\/li>\n\n\n\n<li>necessidade de forma\u00e7\u00e3o t\u00e9cnica e atualiza\u00e7\u00e3o dos profissionais do campo;<br><\/li>\n\n\n\n<li>falta de pol\u00edticas p\u00fablicas de incentivo e financiamento espec\u00edfico;<br><\/li>\n\n\n\n<li>dificuldade de medir e certificar pr\u00e1ticas regenerativas;<br><\/li>\n\n\n\n<li>tempo de transi\u00e7\u00e3o e adapta\u00e7\u00e3o dos sistemas produtivos.<br><\/li>\n<\/ul>\n\n\n\n<p>Outro ponto importante \u00e9 a falta de informa\u00e7\u00e3o clara sobre os resultados de curto e m\u00e9dio prazo, o que ainda gera desconfian\u00e7a entre produtores. O processo de regenera\u00e7\u00e3o exige paci\u00eancia e comprometimento, o que pode ser desafiador em contextos de press\u00e3o econ\u00f4mica ou d\u00edvidas agr\u00edcolas.<\/p>\n\n\n\n<h2 class=\"wp-block-heading\">Como a tecnologia \u00e9 usada na agricultura regenerativa?<\/h2>\n\n\n\n<p>A <a href=\"https:\/\/minax.com.br\/site\/fique-por-dentro-de-9-tecnologias-emergentes-no-agronegocio\/\">tecnologia<\/a> tem sido uma grande aliada na expans\u00e3o desse tipo de agricultura, facilitando diagn\u00f3sticos, decis\u00f5es e monitoramento das pr\u00e1ticas. Algumas das ferramentas mais utilizadas incluem:<\/p>\n\n\n\n<ul class=\"wp-block-list\">\n<li>sensores de solo para avaliar umidade, nutrientes e temperatura;<\/li>\n\n\n\n<li>drones e imagens de sat\u00e9lite para mapear \u00e1reas e monitorar cultivos;<\/li>\n\n\n\n<li>softwares de gest\u00e3o agr\u00edcola para organizar dados e acompanhar indicadores;<\/li>\n\n\n\n<li>plataformas digitais para rastreabilidade e certifica\u00e7\u00e3o dos produtos;<\/li>\n\n\n\n<li>intelig\u00eancia artificial aplicada \u00e0 previs\u00e3o de safras e riscos clim\u00e1ticos.<\/li>\n<\/ul>\n\n\n\n<p>Essas solu\u00e7\u00f5es ajudam a medir os impactos das pr\u00e1ticas regenerativas, oferecendo dados concretos sobre produtividade, sa\u00fade do solo, reten\u00e7\u00e3o de carbono e efici\u00eancia h\u00eddrica.&nbsp;<\/p>\n\n\n\n<p>Elas tamb\u00e9m contribuem para a identifica\u00e7\u00e3o de padr\u00f5es produtivos, antecipa\u00e7\u00e3o de falhas e maior integra\u00e7\u00e3o entre diferentes setores da propriedade.<\/p>\n\n\n\n<p>Isso garante que os agricultores tomem decis\u00f5es mais precisas e comprovem os resultados alcan\u00e7ados, fortalecendo o modelo e incentivando uma ado\u00e7\u00e3o mais ampla.<\/p>\n\n\n\n<p>Com a tecnologia, tamb\u00e9m \u00e9 poss\u00edvel criar redes colaborativas entre produtores, pesquisadores e consumidores, promovendo trocas de conhecimento e facilitando a cria\u00e7\u00e3o de pol\u00edticas p\u00fablicas e incentivos econ\u00f4micos voltados \u00e0 transi\u00e7\u00e3o regenerativa.<\/p>\n\n\n\n<p>Se voc\u00ea quer transformar sua fazenda, melhorar a produtividade e contribuir para um futuro mais sustent\u00e1vel, <strong>vale a pena investir na agricultura regenerativa<\/strong>. Esse modelo n\u00e3o s\u00f3 cuida da terra, mas tamb\u00e9m prepara o produtor para um mercado cada vez mais exigente, consciente e conectado com o meio ambiente.<\/p>\n\n\n\n<p>Quer saber como levar a agricultura regenerativa para sua fazenda com apoio t\u00e9cnico e solu\u00e7\u00f5es modernas? Acesse o site da<a href=\"https:\/\/www.minax.com.br\"> Minax<\/a> e conhe\u00e7a ferramentas que tornam essa transi\u00e7\u00e3o mais simples, inteligente e eficiente!<\/p>\n","protected":false},"excerpt":{"rendered":"<p>A agricultura regenerativa est\u00e1 ganhando espa\u00e7o entre produtores rurais, especialistas em sustentabilidade e empresas preocupadas com o futuro do planeta. Muito mais do que uma mera tend\u00eancia, trata-se de um modelo produtivo capaz de restaurar ecossistemas, melhorar a sa\u00fade do solo e transformar o campo em um ambiente mais resiliente e lucrativo. Mas afinal, o [&hellip;]<\/p>\n","protected":false},"author":3,"featured_media":1764,"comment_status":"open","ping_status":"closed","sticky":false,"template":"","format":"standard","meta":{"footnotes":""},"categories":[11],"tags":[],"class_list":["post-1749","post","type-post","status-publish","format-standard","has-post-thumbnail","hentry","category-blog"],"yoast_head":"<!-- This site is optimized with the Yoast SEO plugin v25.7 - https:\/\/yoast.com\/wordpress\/plugins\/seo\/ -->\n<title>Agricultura regenerativa: o que \u00e9 e como transforma o campo? - Minax - Constru\u00e7\u00f5es e Minera\u00e7\u00e3o<\/title>\n<meta name=\"description\" content=\"Descubra o que \u00e9 agricultura regenerativa e como aplicar seus princ\u00edpios para transformar o campo.\" \/>\n<meta name=\"robots\" content=\"index, follow, max-snippet:-1, max-image-preview:large, max-video-preview:-1\" \/>\n<link rel=\"canonical\" href=\"https:\/\/minax.com.br\/site\/agricultura-regenerativa\/\" \/>\n<meta property=\"og:locale\" content=\"pt_BR\" \/>\n<meta property=\"og:type\" content=\"article\" \/>\n<meta property=\"og:title\" content=\"Agricultura regenerativa: o que \u00e9 e como transforma o campo? - Minax - Constru\u00e7\u00f5es e Minera\u00e7\u00e3o\" \/>\n<meta property=\"og:description\" content=\"Descubra o que \u00e9 agricultura regenerativa e como aplicar seus princ\u00edpios para transformar o campo.\" \/>\n<meta property=\"og:url\" content=\"https:\/\/minax.com.br\/site\/agricultura-regenerativa\/\" \/>\n<meta property=\"og:site_name\" content=\"Minax - Constru\u00e7\u00f5es e Minera\u00e7\u00e3o\" \/>\n<meta property=\"article:publisher\" content=\"https:\/\/www.facebook.com\/minax.tcm\/\" \/>\n<meta property=\"article:published_time\" content=\"2025-08-19T11:00:00+00:00\" \/>\n<meta property=\"og:image\" content=\"https:\/\/minax.com.br\/site\/wp-content\/uploads\/2025\/08\/IMG-20250701-WA0098.jpg\" \/>\n\t<meta property=\"og:image:width\" content=\"1600\" \/>\n\t<meta property=\"og:image:height\" content=\"900\" \/>\n\t<meta property=\"og:image:type\" content=\"image\/jpeg\" \/>\n<meta name=\"author\" content=\"Minax\" \/>\n<meta name=\"twitter:card\" content=\"summary_large_image\" \/>\n<meta name=\"twitter:label1\" content=\"Escrito por\" \/>\n\t<meta name=\"twitter:data1\" content=\"Minax\" \/>\n\t<meta name=\"twitter:label2\" content=\"Est. tempo de leitura\" \/>\n\t<meta name=\"twitter:data2\" content=\"10 minutos\" \/>\n<script type=\"application\/ld+json\" class=\"yoast-schema-graph\">{\"@context\":\"https:\/\/schema.org\",\"@graph\":[{\"@type\":\"Article\",\"@id\":\"https:\/\/minax.com.br\/site\/agricultura-regenerativa\/#article\",\"isPartOf\":{\"@id\":\"https:\/\/minax.com.br\/site\/agricultura-regenerativa\/\"},\"author\":{\"name\":\"Minax\",\"@id\":\"https:\/\/minax.com.br\/site\/#\/schema\/person\/671a22ccc4ba3798cd154b42912d761a\"},\"headline\":\"Agricultura regenerativa: o que \u00e9 e como transforma o campo?\",\"datePublished\":\"2025-08-19T11:00:00+00:00\",\"mainEntityOfPage\":{\"@id\":\"https:\/\/minax.com.br\/site\/agricultura-regenerativa\/\"},\"wordCount\":1928,\"commentCount\":0,\"publisher\":{\"@id\":\"https:\/\/minax.com.br\/site\/#organization\"},\"image\":{\"@id\":\"https:\/\/minax.com.br\/site\/agricultura-regenerativa\/#primaryimage\"},\"thumbnailUrl\":\"https:\/\/minax.com.br\/site\/wp-content\/uploads\/2025\/08\/IMG-20250701-WA0098.jpg\",\"articleSection\":[\"Blog\"],\"inLanguage\":\"pt-BR\"},{\"@type\":\"WebPage\",\"@id\":\"https:\/\/minax.com.br\/site\/agricultura-regenerativa\/\",\"url\":\"https:\/\/minax.com.br\/site\/agricultura-regenerativa\/\",\"name\":\"Agricultura regenerativa: o que \u00e9 e como transforma o campo? - Minax - Constru\u00e7\u00f5es e Minera\u00e7\u00e3o\",\"isPartOf\":{\"@id\":\"https:\/\/minax.com.br\/site\/#website\"},\"primaryImageOfPage\":{\"@id\":\"https:\/\/minax.com.br\/site\/agricultura-regenerativa\/#primaryimage\"},\"image\":{\"@id\":\"https:\/\/minax.com.br\/site\/agricultura-regenerativa\/#primaryimage\"},\"thumbnailUrl\":\"https:\/\/minax.com.br\/site\/wp-content\/uploads\/2025\/08\/IMG-20250701-WA0098.jpg\",\"datePublished\":\"2025-08-19T11:00:00+00:00\",\"description\":\"Descubra o que \u00e9 agricultura regenerativa e como aplicar seus princ\u00edpios para transformar o campo.\",\"breadcrumb\":{\"@id\":\"https:\/\/minax.com.br\/site\/agricultura-regenerativa\/#breadcrumb\"},\"inLanguage\":\"pt-BR\",\"potentialAction\":[{\"@type\":\"ReadAction\",\"target\":[\"https:\/\/minax.com.br\/site\/agricultura-regenerativa\/\"]}]},{\"@type\":\"ImageObject\",\"inLanguage\":\"pt-BR\",\"@id\":\"https:\/\/minax.com.br\/site\/agricultura-regenerativa\/#primaryimage\",\"url\":\"https:\/\/minax.com.br\/site\/wp-content\/uploads\/2025\/08\/IMG-20250701-WA0098.jpg\",\"contentUrl\":\"https:\/\/minax.com.br\/site\/wp-content\/uploads\/2025\/08\/IMG-20250701-WA0098.jpg\",\"width\":1600,\"height\":900,\"caption\":\"A\u00e9rea de escava\u00e7\u00e3o circular em \u00e1rea agr\u00edcola, com m\u00e1quinas trabalhando e planta\u00e7\u00f5es ao redor.\"},{\"@type\":\"BreadcrumbList\",\"@id\":\"https:\/\/minax.com.br\/site\/agricultura-regenerativa\/#breadcrumb\",\"itemListElement\":[{\"@type\":\"ListItem\",\"position\":1,\"name\":\"In\u00edcio\",\"item\":\"https:\/\/minax.com.br\/site\/\"},{\"@type\":\"ListItem\",\"position\":2,\"name\":\"Agricultura regenerativa: o que \u00e9 e como transforma o campo?\"}]},{\"@type\":\"WebSite\",\"@id\":\"https:\/\/minax.com.br\/site\/#website\",\"url\":\"https:\/\/minax.com.br\/site\/\",\"name\":\"Minax - Constru\u00e7\u00f5es e Minera\u00e7\u00e3o\",\"description\":\"Loca\u00e7\u00e3o de M\u00e1quina Pesada, Loca\u00e7\u00e3o de Escavadeira, Loca\u00e7\u00e3o de Caminh\u00e3o Articulado, Loca\u00e7\u00e3o de Caminh\u00e3o 8x4, Loca\u00e7\u00e3o de Trator de Esteira, Loca\u00e7\u00e3o de Motoniveladora\",\"publisher\":{\"@id\":\"https:\/\/minax.com.br\/site\/#organization\"},\"alternateName\":\"Minax\",\"potentialAction\":[{\"@type\":\"SearchAction\",\"target\":{\"@type\":\"EntryPoint\",\"urlTemplate\":\"https:\/\/minax.com.br\/site\/?s={search_term_string}\"},\"query-input\":{\"@type\":\"PropertyValueSpecification\",\"valueRequired\":true,\"valueName\":\"search_term_string\"}}],\"inLanguage\":\"pt-BR\"},{\"@type\":\"Organization\",\"@id\":\"https:\/\/minax.com.br\/site\/#organization\",\"name\":\"Minax - Constru\u00e7\u00f5es e Minera\u00e7\u00e3o\",\"alternateName\":\"Minax\",\"url\":\"https:\/\/minax.com.br\/site\/\",\"logo\":{\"@type\":\"ImageObject\",\"inLanguage\":\"pt-BR\",\"@id\":\"https:\/\/minax.com.br\/site\/#\/schema\/logo\/image\/\",\"url\":\"https:\/\/minax.com.br\/site\/wp-content\/uploads\/2024\/02\/LOGO_MINAX.png\",\"contentUrl\":\"https:\/\/minax.com.br\/site\/wp-content\/uploads\/2024\/02\/LOGO_MINAX.png\",\"width\":313,\"height\":79,\"caption\":\"Minax - Constru\u00e7\u00f5es e Minera\u00e7\u00e3o\"},\"image\":{\"@id\":\"https:\/\/minax.com.br\/site\/#\/schema\/logo\/image\/\"},\"sameAs\":[\"https:\/\/www.facebook.com\/minax.tcm\/\",\"https:\/\/www.instagram.com\/minax.tcm\",\"https:\/\/www.linkedin.com\/company\/minax-transportes-construcoes-pesadas-e-mineracao\"]},{\"@type\":\"Person\",\"@id\":\"https:\/\/minax.com.br\/site\/#\/schema\/person\/671a22ccc4ba3798cd154b42912d761a\",\"name\":\"Minax\",\"image\":{\"@type\":\"ImageObject\",\"inLanguage\":\"pt-BR\",\"@id\":\"https:\/\/minax.com.br\/site\/#\/schema\/person\/image\/\",\"url\":\"https:\/\/secure.gravatar.com\/avatar\/f4cbb0e39af3ab6388bc7719cd3e5f977562da6c6073e579f6e981c3c833cfdf?s=96&d=mm&r=g\",\"contentUrl\":\"https:\/\/secure.gravatar.com\/avatar\/f4cbb0e39af3ab6388bc7719cd3e5f977562da6c6073e579f6e981c3c833cfdf?s=96&d=mm&r=g\",\"caption\":\"Minax\"},\"url\":\"https:\/\/minax.com.br\/site\/author\/editor\/\"}]}<\/script>\n<!-- \/ Yoast SEO plugin. -->","yoast_head_json":{"title":"Agricultura regenerativa: o que \u00e9 e como transforma o campo? - Minax - Constru\u00e7\u00f5es e Minera\u00e7\u00e3o","description":"Descubra o que \u00e9 agricultura regenerativa e como aplicar seus princ\u00edpios para transformar o campo.","robots":{"index":"index","follow":"follow","max-snippet":"max-snippet:-1","max-image-preview":"max-image-preview:large","max-video-preview":"max-video-preview:-1"},"canonical":"https:\/\/minax.com.br\/site\/agricultura-regenerativa\/","og_locale":"pt_BR","og_type":"article","og_title":"Agricultura regenerativa: o que \u00e9 e como transforma o campo? - Minax - Constru\u00e7\u00f5es e Minera\u00e7\u00e3o","og_description":"Descubra o que \u00e9 agricultura regenerativa e como aplicar seus princ\u00edpios para transformar o campo.","og_url":"https:\/\/minax.com.br\/site\/agricultura-regenerativa\/","og_site_name":"Minax - Constru\u00e7\u00f5es e Minera\u00e7\u00e3o","article_publisher":"https:\/\/www.facebook.com\/minax.tcm\/","article_published_time":"2025-08-19T11:00:00+00:00","og_image":[{"width":1600,"height":900,"url":"https:\/\/minax.com.br\/site\/wp-content\/uploads\/2025\/08\/IMG-20250701-WA0098.jpg","type":"image\/jpeg"}],"author":"Minax","twitter_card":"summary_large_image","twitter_misc":{"Escrito por":"Minax","Est. tempo de leitura":"10 minutos"},"schema":{"@context":"https:\/\/schema.org","@graph":[{"@type":"Article","@id":"https:\/\/minax.com.br\/site\/agricultura-regenerativa\/#article","isPartOf":{"@id":"https:\/\/minax.com.br\/site\/agricultura-regenerativa\/"},"author":{"name":"Minax","@id":"https:\/\/minax.com.br\/site\/#\/schema\/person\/671a22ccc4ba3798cd154b42912d761a"},"headline":"Agricultura regenerativa: o que \u00e9 e como transforma o campo?","datePublished":"2025-08-19T11:00:00+00:00","mainEntityOfPage":{"@id":"https:\/\/minax.com.br\/site\/agricultura-regenerativa\/"},"wordCount":1928,"commentCount":0,"publisher":{"@id":"https:\/\/minax.com.br\/site\/#organization"},"image":{"@id":"https:\/\/minax.com.br\/site\/agricultura-regenerativa\/#primaryimage"},"thumbnailUrl":"https:\/\/minax.com.br\/site\/wp-content\/uploads\/2025\/08\/IMG-20250701-WA0098.jpg","articleSection":["Blog"],"inLanguage":"pt-BR"},{"@type":"WebPage","@id":"https:\/\/minax.com.br\/site\/agricultura-regenerativa\/","url":"https:\/\/minax.com.br\/site\/agricultura-regenerativa\/","name":"Agricultura regenerativa: o que \u00e9 e como transforma o campo? - Minax - Constru\u00e7\u00f5es e Minera\u00e7\u00e3o","isPartOf":{"@id":"https:\/\/minax.com.br\/site\/#website"},"primaryImageOfPage":{"@id":"https:\/\/minax.com.br\/site\/agricultura-regenerativa\/#primaryimage"},"image":{"@id":"https:\/\/minax.com.br\/site\/agricultura-regenerativa\/#primaryimage"},"thumbnailUrl":"https:\/\/minax.com.br\/site\/wp-content\/uploads\/2025\/08\/IMG-20250701-WA0098.jpg","datePublished":"2025-08-19T11:00:00+00:00","description":"Descubra o que \u00e9 agricultura regenerativa e como aplicar seus princ\u00edpios para transformar o campo.","breadcrumb":{"@id":"https:\/\/minax.com.br\/site\/agricultura-regenerativa\/#breadcrumb"},"inLanguage":"pt-BR","potentialAction":[{"@type":"ReadAction","target":["https:\/\/minax.com.br\/site\/agricultura-regenerativa\/"]}]},{"@type":"ImageObject","inLanguage":"pt-BR","@id":"https:\/\/minax.com.br\/site\/agricultura-regenerativa\/#primaryimage","url":"https:\/\/minax.com.br\/site\/wp-content\/uploads\/2025\/08\/IMG-20250701-WA0098.jpg","contentUrl":"https:\/\/minax.com.br\/site\/wp-content\/uploads\/2025\/08\/IMG-20250701-WA0098.jpg","width":1600,"height":900,"caption":"A\u00e9rea de escava\u00e7\u00e3o circular em \u00e1rea agr\u00edcola, com m\u00e1quinas trabalhando e planta\u00e7\u00f5es ao redor."},{"@type":"BreadcrumbList","@id":"https:\/\/minax.com.br\/site\/agricultura-regenerativa\/#breadcrumb","itemListElement":[{"@type":"ListItem","position":1,"name":"In\u00edcio","item":"https:\/\/minax.com.br\/site\/"},{"@type":"ListItem","position":2,"name":"Agricultura regenerativa: o que \u00e9 e como transforma o campo?"}]},{"@type":"WebSite","@id":"https:\/\/minax.com.br\/site\/#website","url":"https:\/\/minax.com.br\/site\/","name":"Minax - Constru\u00e7\u00f5es e Minera\u00e7\u00e3o","description":"Loca\u00e7\u00e3o de M\u00e1quina Pesada, Loca\u00e7\u00e3o de Escavadeira, Loca\u00e7\u00e3o de Caminh\u00e3o Articulado, Loca\u00e7\u00e3o de Caminh\u00e3o 8x4, Loca\u00e7\u00e3o de Trator de Esteira, Loca\u00e7\u00e3o de Motoniveladora","publisher":{"@id":"https:\/\/minax.com.br\/site\/#organization"},"alternateName":"Minax","potentialAction":[{"@type":"SearchAction","target":{"@type":"EntryPoint","urlTemplate":"https:\/\/minax.com.br\/site\/?s={search_term_string}"},"query-input":{"@type":"PropertyValueSpecification","valueRequired":true,"valueName":"search_term_string"}}],"inLanguage":"pt-BR"},{"@type":"Organization","@id":"https:\/\/minax.com.br\/site\/#organization","name":"Minax - Constru\u00e7\u00f5es e Minera\u00e7\u00e3o","alternateName":"Minax","url":"https:\/\/minax.com.br\/site\/","logo":{"@type":"ImageObject","inLanguage":"pt-BR","@id":"https:\/\/minax.com.br\/site\/#\/schema\/logo\/image\/","url":"https:\/\/minax.com.br\/site\/wp-content\/uploads\/2024\/02\/LOGO_MINAX.png","contentUrl":"https:\/\/minax.com.br\/site\/wp-content\/uploads\/2024\/02\/LOGO_MINAX.png","width":313,"height":79,"caption":"Minax - Constru\u00e7\u00f5es e Minera\u00e7\u00e3o"},"image":{"@id":"https:\/\/minax.com.br\/site\/#\/schema\/logo\/image\/"},"sameAs":["https:\/\/www.facebook.com\/minax.tcm\/","https:\/\/www.instagram.com\/minax.tcm","https:\/\/www.linkedin.com\/company\/minax-transportes-construcoes-pesadas-e-mineracao"]},{"@type":"Person","@id":"https:\/\/minax.com.br\/site\/#\/schema\/person\/671a22ccc4ba3798cd154b42912d761a","name":"Minax","image":{"@type":"ImageObject","inLanguage":"pt-BR","@id":"https:\/\/minax.com.br\/site\/#\/schema\/person\/image\/","url":"https:\/\/secure.gravatar.com\/avatar\/f4cbb0e39af3ab6388bc7719cd3e5f977562da6c6073e579f6e981c3c833cfdf?s=96&d=mm&r=g","contentUrl":"https:\/\/secure.gravatar.com\/avatar\/f4cbb0e39af3ab6388bc7719cd3e5f977562da6c6073e579f6e981c3c833cfdf?s=96&d=mm&r=g","caption":"Minax"},"url":"https:\/\/minax.com.br\/site\/author\/editor\/"}]}},"_links":{"self":[{"href":"https:\/\/minax.com.br\/site\/wp-json\/wp\/v2\/posts\/1749","targetHints":{"allow":["GET"]}}],"collection":[{"href":"https:\/\/minax.com.br\/site\/wp-json\/wp\/v2\/posts"}],"about":[{"href":"https:\/\/minax.com.br\/site\/wp-json\/wp\/v2\/types\/post"}],"author":[{"embeddable":true,"href":"https:\/\/minax.com.br\/site\/wp-json\/wp\/v2\/users\/3"}],"replies":[{"embeddable":true,"href":"https:\/\/minax.com.br\/site\/wp-json\/wp\/v2\/comments?post=1749"}],"version-history":[{"count":1,"href":"https:\/\/minax.com.br\/site\/wp-json\/wp\/v2\/posts\/1749\/revisions"}],"predecessor-version":[{"id":1751,"href":"https:\/\/minax.com.br\/site\/wp-json\/wp\/v2\/posts\/1749\/revisions\/1751"}],"wp:featuredmedia":[{"embeddable":true,"href":"https:\/\/minax.com.br\/site\/wp-json\/wp\/v2\/media\/1764"}],"wp:attachment":[{"href":"https:\/\/minax.com.br\/site\/wp-json\/wp\/v2\/media?parent=1749"}],"wp:term":[{"taxonomy":"category","embeddable":true,"href":"https:\/\/minax.com.br\/site\/wp-json\/wp\/v2\/categories?post=1749"},{"taxonomy":"post_tag","embeddable":true,"href":"https:\/\/minax.com.br\/site\/wp-json\/wp\/v2\/tags?post=1749"}],"curies":[{"name":"wp","href":"https:\/\/api.w.org\/{rel}","templated":true}]}}