{"id":1776,"date":"2025-08-28T08:00:00","date_gmt":"2025-08-28T11:00:00","guid":{"rendered":"https:\/\/minax.com.br\/site\/?p=1776"},"modified":"2025-08-18T13:31:50","modified_gmt":"2025-08-18T16:31:50","slug":"intoxicacao-por-agrotoxicos","status":"publish","type":"post","link":"https:\/\/minax.com.br\/site\/intoxicacao-por-agrotoxicos\/","title":{"rendered":"Intoxica\u00e7\u00e3o por agrot\u00f3xicos: como evitar na rotina agr\u00edcola?"},"content":{"rendered":"\n<p>A intoxica\u00e7\u00e3o por agrot\u00f3xicos ainda \u00e9 <strong>uma das principais amea\u00e7as \u00e0 sa\u00fade de trabalhadores rurais<\/strong> no Brasil. Seja pela manipula\u00e7\u00e3o inadequada desses produtos, seja pela falta de prote\u00e7\u00e3o ou conhecimento, milhares de casos s\u00e3o registrados anualmente \u2014 muitos deles com desdobramentos graves e at\u00e9 fatais.<\/p>\n\n\n\n<p>Embora o uso de agrot\u00f3xicos seja amplamente difundido na <a href=\"https:\/\/minax.com.br\/site\/agronegocio\/\">agricultura<\/a>, a exposi\u00e7\u00e3o descontrolada compromete n\u00e3o s\u00f3 a sa\u00fade de quem trabalha no campo, mas tamb\u00e9m a qualidade de vida de comunidades inteiras.&nbsp;<\/p>\n\n\n\n<p>Por isso, conhecer os riscos e adotar medidas preventivas \u00e9 uma atitude que salva vidas e promove mais seguran\u00e7a na rotina rural. Neste artigo, voc\u00ea vai entender como a intoxica\u00e7\u00e3o ocorre, aprende a identificar os sintomas e descobre como agir para evitar esse problema. Boa leitura!<\/p>\n\n\n\n<h2 class=\"wp-block-heading\">O que \u00e9 intoxica\u00e7\u00e3o por agrot\u00f3xicos?<\/h2>\n\n\n\n<p>A intoxica\u00e7\u00e3o por agrot\u00f3xicos ocorre quando o organismo entra em contato com subst\u00e2ncias qu\u00edmicas presentes em defensivos agr\u00edcolas, de forma nociva. Essa exposi\u00e7\u00e3o pode acontecer por inala\u00e7\u00e3o, contato com a pele, ingest\u00e3o acidental ou mesmo pela contamina\u00e7\u00e3o de alimentos e \u00e1gua.<\/p>\n\n\n\n<p><strong>Os efeitos t\u00f3xicos variam conforme o tipo de agrot\u00f3xico,<\/strong> a quantidade absorvida e a frequ\u00eancia de exposi\u00e7\u00e3o. Em casos mais graves, as subst\u00e2ncias afetam o sistema nervoso, respirat\u00f3rio e at\u00e9 o f\u00edgado, resultando em quadros de intoxica\u00e7\u00e3o aguda ou cr\u00f4nica.<\/p>\n\n\n\n<p>O Brasil <a href=\"https:\/\/site.mppr.mp.br\/meioambiente\/Noticia\/Estudo-da-FAO-aponta-que-Brasil-usa-mais-agrotoxicos-do-que-Estados-Unidos-e#:~:text=CAOP%20Informa,que%20ocupa%20o%20terceiro%20lugar.\">lidera o consumo mundial de agrot\u00f3xicos<\/a>, utilizando cerca de 720 mil toneladas de pesticidas voltados para a <a href=\"https:\/\/minax.com.br\/site\/agricultura-brasileira-em-foco-confira-o-panorama-atual\/\">agricultura<\/a>, segundo os dados mais recentes da Organiza\u00e7\u00e3o das Na\u00e7\u00f5es Unidas para Agricultura e Alimenta\u00e7\u00e3o (FAO).&nbsp;<\/p>\n\n\n\n<p>Esse volume \u00e9 quase 60% maior do que o registrado pelos Estados Unidos, o segundo pa\u00eds do ranking. Essa realidade se torna ainda mais preocupante quando observamos o perfil das v\u00edtimas: em sua maioria, homens entre 25 e 50 anos, que atuam diretamente na aplica\u00e7\u00e3o dos produtos.&nbsp;<\/p>\n\n\n\n<h3 class=\"wp-block-heading\">Doen\u00e7as e outros efeitos silenciosos<\/h3>\n\n\n\n<p>A exposi\u00e7\u00e3o cont\u00ednua e muitas vezes sem prote\u00e7\u00e3o adequada contribui para o aumento de casos de doen\u00e7as ocupacionais e agravos \u00e0 sa\u00fade p\u00fablica.<\/p>\n\n\n\n<p>Al\u00e9m dos impactos imediatos, h<strong>\u00e1 tamb\u00e9m os efeitos silenciosos e cumulativos. <\/strong>A intoxica\u00e7\u00e3o cr\u00f4nica, por exemplo, pode se manifestar anos depois da exposi\u00e7\u00e3o inicial, dificultando o diagn\u00f3stico e a associa\u00e7\u00e3o direta com o uso de defensivos.&nbsp;<\/p>\n\n\n\n<p>Casos de infertilidade, altera\u00e7\u00f5es hormonais, problemas neurol\u00f3gicos e at\u00e9 malforma\u00e7\u00f5es cong\u00eanitas em filhos de trabalhadores expostos t\u00eam sido relatados com frequ\u00eancia.<\/p>\n\n\n\n<p>O perigo n\u00e3o se limita apenas ao ambiente de trabalho. Muitos trabalhadores levam res\u00edduos de agrot\u00f3xicos para casa em suas roupas, expondo familiares, inclusive crian\u00e7as, a riscos que poderiam ser evitados com pr\u00e1ticas simples de higiene e trocas de vestu\u00e1rio.<\/p>\n\n\n\n<p>Por isso, entender o que \u00e9 intoxica\u00e7\u00e3o por agrot\u00f3xicos vai al\u00e9m da defini\u00e7\u00e3o cl\u00ednica: \u00e9 tamb\u00e9m reconhecer sua abrang\u00eancia e a urg\u00eancia de medidas preventivas em <a href=\"https:\/\/minax.com.br\/site\/planejamento-agricola\/\">todos os n\u00edveis da cadeia agr\u00edcola<\/a>.<\/p>\n\n\n\n<h2 class=\"wp-block-heading\">Como essa intoxica\u00e7\u00e3o ocorre nas fazendas?<\/h2>\n\n\n\n<p>Na rotina das <a href=\"https:\/\/minax.com.br\/site\/movimentacao-de-terra\/\">propriedades rurais<\/a>, a intoxica\u00e7\u00e3o por agrot\u00f3xicos pode ocorrer de diversas maneiras, mesmo sem que o trabalhador perceba de imediato. As situa\u00e7\u00f5es mais comuns envolvem:<\/p>\n\n\n\n<ul class=\"wp-block-list\">\n<li><strong>mistura e preparo dos produtos sem ventila\u00e7\u00e3o adequada;<\/strong><br><\/li>\n\n\n\n<li>aplica\u00e7\u00e3o sem o uso completo dos Equipamentos de Prote\u00e7\u00e3o Individual (EPIs);<br><\/li>\n\n\n\n<li><strong>contato com roupas ou objetos contaminados;<\/strong><br><\/li>\n\n\n\n<li>armazenamento inadequado ou descarte incorreto das embalagens;<br><\/li>\n\n\n\n<li><strong>reutiliza\u00e7\u00e3o de embalagens para outros fins;<\/strong><br><\/li>\n\n\n\n<li>contamina\u00e7\u00e3o da \u00e1gua ou alimentos consumidos no local.<br><\/li>\n<\/ul>\n\n\n\n<p>Tamb\u00e9m h\u00e1 riscos em per\u00edodos p\u00f3s-aplica\u00e7\u00e3o dos defensivos agr\u00edcolas, quando trabalhadores retornam \u00e0 lavoura antes do tempo recomendado. A falta de sinaliza\u00e7\u00e3o e de treinamento agrava ainda mais esse cen\u00e1rio.<\/p>\n\n\n\n<h2 class=\"wp-block-heading\">Quais os sintomas da intoxica\u00e7\u00e3o por agrot\u00f3xicos?<\/h2>\n\n\n\n<p>A intoxica\u00e7\u00e3o aguda por agrot\u00f3xicos pode se manifestar de forma leve ou severa, a depender do n\u00edvel de exposi\u00e7\u00e3o. Conhecer os principais sinais ajuda a agir rapidamente.<\/p>\n\n\n\n<p>Os sintomas leves s\u00e3o os seguintes:<\/p>\n\n\n\n<ul class=\"wp-block-list\">\n<li>dor de cabe\u00e7a persistente;<br><\/li>\n\n\n\n<li>n\u00e1useas ou v\u00f4mitos;<br><\/li>\n\n\n\n<li>tontura ou sensa\u00e7\u00e3o de fraqueza;<br><\/li>\n\n\n\n<li>irrita\u00e7\u00f5es na pele ou nos olhos.<br><\/li>\n<\/ul>\n\n\n\n<p>J\u00e1 os sinais moderados a graves s\u00e3o:<\/p>\n\n\n\n<ul class=\"wp-block-list\">\n<li>falta de ar e dificuldade para respirar;<br><\/li>\n\n\n\n<li>sudorese excessiva;<br><\/li>\n\n\n\n<li>confus\u00e3o mental ou altera\u00e7\u00f5es de comportamento;<br><\/li>\n\n\n\n<li>convuls\u00f5es ou perda de consci\u00eancia;<br><\/li>\n\n\n\n<li>arritmias e fal\u00eancia de \u00f3rg\u00e3os, nos casos mais cr\u00edticos.<br><\/li>\n<\/ul>\n\n\n\n<p>\u00c9 importante destacar que, em intoxica\u00e7\u00f5es cr\u00f4nicas, os sintomas podem aparecer de forma lenta e cumulativa, sendo facilmente confundidos com outras doen\u00e7as.<\/p>\n\n\n\n<h2 class=\"wp-block-heading\">Quais os procedimentos de primeiros socorros?<\/h2>\n\n\n\n<p>Em situa\u00e7\u00f5es suspeitas de intoxica\u00e7\u00e3o por agrot\u00f3xicos, a agilidade faz toda a diferen\u00e7a. Veja como agir at\u00e9 a chegada de socorro m\u00e9dico:<\/p>\n\n\n\n<h3 class=\"wp-block-heading\">Afastar a v\u00edtima da fonte de contamina\u00e7\u00e3o<\/h3>\n\n\n\n<p>O primeiro passo <strong>\u00e9 interromper o contato da pessoa com o ambiente contaminado<\/strong>. Isso significa retirar imediatamente a v\u00edtima da \u00e1rea de aplica\u00e7\u00e3o, levar para um local ventilado e afastado de vapores t\u00f3xicos. Esse cuidado evita que a exposi\u00e7\u00e3o continue e agrave o quadro cl\u00ednico.<\/p>\n\n\n\n<h3 class=\"wp-block-heading\">Higienizar regi\u00f5es afetadas<\/h3>\n\n\n\n<p>Se houver contato com a pele ou olhos, deve-se lavar essas regi\u00f5es com \u00e1gua corrente em abund\u00e2ncia. No caso dos olhos, a lavagem precisa durar pelo menos 15 minutos. No caso da pele, \u00e1gua e sab\u00e3o neutro ajudam a remover os res\u00edduos do produto.<\/p>\n\n\n\n<h3 class=\"wp-block-heading\">Retirar roupas contaminadas<\/h3>\n\n\n\n<p>As roupas que tiveram contato com o agrot\u00f3xico devem ser removidas com cuidado, evitando o contato com a pele de quem presta o socorro. Caso dispon\u00edvel, recomenda-se o uso de luvas e prote\u00e7\u00e3o respirat\u00f3ria ao realizar esse procedimento.<\/p>\n\n\n\n<h3 class=\"wp-block-heading\">N\u00e3o provocar v\u00f4mito<\/h3>\n\n\n\n<p>Em casos de ingest\u00e3o do produto, \u00e9 comum o impulso de provocar v\u00f4mito. No entanto, isso pode ser perigoso e aumentar o dano ao trato digestivo. A pessoa tamb\u00e9m n\u00e3o deve ingerir l\u00edquidos ou alimentos sem orienta\u00e7\u00e3o m\u00e9dica.<\/p>\n\n\n\n<h3 class=\"wp-block-heading\">Procurar atendimento m\u00e9dico<\/h3>\n\n\n\n<p>Todo caso de suspeita de intoxica\u00e7\u00e3o exige avalia\u00e7\u00e3o profissional. O ideal \u00e9 encaminhar a v\u00edtima o mais r\u00e1pido poss\u00edvel a um servi\u00e7o de sa\u00fade, levando junto a embalagem do agrot\u00f3xico ou uma foto do r\u00f3tulo. <strong>Isso facilita a identifica\u00e7\u00e3o da subst\u00e2ncia e o tratamento adequado.<\/strong><\/p>\n\n\n\n<h3 class=\"wp-block-heading\">Manter a v\u00edtima em repouso e observa\u00e7\u00e3o<\/h3>\n\n\n\n<p>Enquanto aguarda atendimento m\u00e9dico, \u00e9 importante manter a pessoa em repouso, em posi\u00e7\u00e3o confort\u00e1vel e sob observa\u00e7\u00e3o constante.&nbsp;<\/p>\n\n\n\n<p>Caso haja perda de consci\u00eancia, dificuldades respirat\u00f3rias ou convuls\u00f5es, a<strong> equipe de emerg\u00eancia deve ser informada imediatamente <\/strong>para orientar os primeiros procedimentos at\u00e9 a chegada do socorro especializado.<\/p>\n\n\n\n<h2 class=\"wp-block-heading\">Quais medidas de seguran\u00e7a adotar?<\/h2>\n\n\n\n<p>Prevenir a intoxica\u00e7\u00e3o agrot\u00f3xicos trabalhadores rurais exige um conjunto de boas pr\u00e1ticas, que v\u00e3o desde o uso dos produtos at\u00e9 a capacita\u00e7\u00e3o da equipe. A seguir, conhe\u00e7a os principais cuidados que devem ser adotados.<\/p>\n\n\n\n<p>Uso correto de EPIs<\/p>\n\n\n\n<p>A primeira linha de defesa contra intoxica\u00e7\u00e3o \u00e9 o uso rigoroso dos Equipamentos de Prote\u00e7\u00e3o Individual. Isso inclui luvas, m\u00e1scaras com filtros adequados, viseiras, macac\u00f5es imperme\u00e1veis e botas fechadas.<\/p>\n\n\n\n<p>Esses itens n\u00e3o devem ser compartilhados entre os trabalhadores <strong>e precisam estar sempre higienizados<\/strong>, sem rasgos ou desgastes que comprometam sua efic\u00e1cia. O uso dos EPIs deve ser mantido n\u00e3o apenas durante a aplica\u00e7\u00e3o, mas tamb\u00e9m no preparo e na limpeza dos equipamentos.<\/p>\n\n\n\n<h3 class=\"wp-block-heading\">Armazenamento, aplica\u00e7\u00e3o e descarte adequados<\/h3>\n\n\n\n<p>Os agrot\u00f3xicos precisam ser guardados em locais trancados, com boa ventila\u00e7\u00e3o e afastados de \u00e1gua pot\u00e1vel, alimentos e medicamentos.&nbsp;<\/p>\n\n\n\n<p>Durante a aplica\u00e7\u00e3o, deve-se respeitar as condi\u00e7\u00f5es clim\u00e1ticas ideais (como baixa velocidade do vento) e seguir rigorosamente as instru\u00e7\u00f5es do fabricante quanto \u00e0 dosagem.&nbsp;<\/p>\n\n\n\n<p>O descarte de embalagens vazias deve ser feito em postos de coleta autorizados, como os do programa Campo Limpo, evitando que sejam reutilizadas ou descartadas no ambiente.<\/p>\n\n\n\n<h3 class=\"wp-block-heading\">Capacita\u00e7\u00e3o e conscientiza\u00e7\u00e3o dos trabalhadores<\/h3>\n\n\n\n<p>Uma das falhas mais comuns no uso de agrot\u00f3xicos \u00e9 a falta de treinamento dos profissionais envolvidos. Oferecer cursos regulares, palestras e materiais did\u00e1ticos sobre manuseio seguro, primeiros socorros e identifica\u00e7\u00e3o de riscos \u00e9 fundamental para criar uma cultura de preven\u00e7\u00e3o.&nbsp;<\/p>\n\n\n\n<p><strong>Essa capacita\u00e7\u00e3o deve ser renovada periodicamente, <\/strong>com atualiza\u00e7\u00f5es sempre que novos produtos forem adotados.<\/p>\n\n\n\n<h3 class=\"wp-block-heading\">Cumprimento das normas e legisla\u00e7\u00f5es<\/h3>\n\n\n\n<p>O respeito \u00e0s normas da Anvisa, do Ibama e dos \u00f3rg\u00e3os estaduais de sa\u00fade e meio ambiente n\u00e3o \u00e9 opcional.&nbsp;<\/p>\n\n\n\n<p>O cumprimento da legisla\u00e7\u00e3o garante n\u00e3o apenas a seguran\u00e7a dos trabalhadores, <strong>mas tamb\u00e9m a regularidade da propriedade rural<\/strong>. Isso inclui o uso de produtos autorizados, o correto registro das aplica\u00e7\u00f5es e a entrega de EPIs aos funcion\u00e1rios.<\/p>\n\n\n\n<h2 class=\"wp-block-heading\">Quais as consequ\u00eancias de ser negligente?<\/h2>\n\n\n\n<p>Ignorar os riscos da exposi\u00e7\u00e3o a agrot\u00f3xicos traz impactos severos para a sa\u00fade, o meio ambiente e a produtividade da propriedade. A neglig\u00eancia nesse cen\u00e1rio pode resultar em:<\/p>\n\n\n\n<ul class=\"wp-block-list\">\n<li><strong>aumento de afastamentos <\/strong>e processos trabalhistas por doen\u00e7as ocupacionais;<\/li>\n\n\n\n<li>contamina\u00e7\u00e3o de recursos naturais, como rios, len\u00e7\u00f3is fre\u00e1ticos e solos;<\/li>\n\n\n\n<li><strong>preju\u00edzos financeiros<\/strong> com multas ambientais e embargos legais;<\/li>\n\n\n\n<li>perda da reputa\u00e7\u00e3o da propriedade e bloqueio de comercializa\u00e7\u00e3o;<\/li>\n\n\n\n<li>impactos irrevers\u00edveis na sa\u00fade dos trabalhadores e de suas fam\u00edlias;<\/li>\n\n\n\n<li>maior dificuldade de obter certifica\u00e7\u00f5es de sustentabilidade ou selos de <a href=\"https:\/\/minax.com.br\/site\/responsabilidade-ambiental\/\">produ\u00e7\u00e3o respons\u00e1ve<\/a>l;<\/li>\n\n\n\n<li>comprometimento de parcerias comerciais e acesso a mercados mais exigentes;<\/li>\n\n\n\n<li>desvaloriza\u00e7\u00e3o de propriedades rurais afetadas por contamina\u00e7\u00e3o qu\u00edmica;<\/li>\n\n\n\n<li>aumento da rotatividade de m\u00e3o de obra, diante de condi\u00e7\u00f5es inseguras de trabalho;<\/li>\n\n\n\n<li>sobrecarga no sistema de sa\u00fade p\u00fablico local, especialmente em munic\u00edpios pequenos.<\/li>\n<\/ul>\n\n\n\n<p>Por fim, \u00e9 importante lembrar que intoxica\u00e7\u00e3o frequente por agrot\u00f3xicos enfraquece a for\u00e7a de trabalho no campo, gera sobrecarga no sistema de sa\u00fade e compromete a seguran\u00e7a alimentar de comunidades inteiras.&nbsp;<\/p>\n\n\n\n<p>O descaso com a sa\u00fade dos colaboradores e o meio ambiente acaba impactando toda a cadeia produtiva, al\u00e9m de tornar o <a href=\"https:\/\/minax.com.br\/site\/fique-por-dentro-de-9-tecnologias-emergentes-no-agronegocio\/\">agroneg\u00f3cio<\/a> menos eficiente e mais vulner\u00e1vel a crises e restri\u00e7\u00f5es legais.<\/p>\n\n\n\n<p>Conscientizar-se sobre os perigos da intoxica\u00e7\u00e3o por agrot\u00f3xicos \u00e9 o primeiro passo para transformar a realidade no campo.&nbsp;<\/p>\n\n\n\n<p>Nesse sentido, adotar boas pr\u00e1ticas e respeitar a legisla\u00e7\u00e3o \u00e9 fundamental para garantir a sa\u00fade dos trabalhadores e a sustentabilidade da produ\u00e7\u00e3o. A preven\u00e7\u00e3o \u00e9 a melhor forma de combater a intoxica\u00e7\u00e3o por agrot\u00f3xicos e proteger todos os envolvidos na atividade agr\u00edcola.<\/p>\n\n\n\n<p>Para entender mais sobre o mundo agr\u00edcola e as melhores op\u00e7\u00f5es de maquin\u00e1rio, <a href=\"https:\/\/minax.com.br\/site\/\">visite o site da Minax<\/a>!<\/p>\n","protected":false},"excerpt":{"rendered":"<p>A intoxica\u00e7\u00e3o por agrot\u00f3xicos ainda \u00e9 uma das principais amea\u00e7as \u00e0 sa\u00fade de trabalhadores rurais no Brasil. Seja pela manipula\u00e7\u00e3o inadequada desses produtos, seja pela falta de prote\u00e7\u00e3o ou conhecimento, milhares de casos s\u00e3o registrados anualmente \u2014 muitos deles com desdobramentos graves e at\u00e9 fatais. Embora o uso de agrot\u00f3xicos seja amplamente difundido na agricultura, [&hellip;]<\/p>\n","protected":false},"author":3,"featured_media":1777,"comment_status":"closed","ping_status":"closed","sticky":false,"template":"","format":"standard","meta":{"footnotes":""},"categories":[11],"tags":[],"class_list":["post-1776","post","type-post","status-publish","format-standard","has-post-thumbnail","hentry","category-blog"],"yoast_head":"<!-- This site is optimized with the Yoast SEO plugin v25.7 - https:\/\/yoast.com\/wordpress\/plugins\/seo\/ -->\n<title>Intoxica\u00e7\u00e3o por agrot\u00f3xicos: como evitar na rotina agr\u00edcola? - Minax - Constru\u00e7\u00f5es e Minera\u00e7\u00e3o<\/title>\n<meta name=\"description\" content=\"Evite a intoxica\u00e7\u00e3o por agrot\u00f3xicos com medidas pr\u00e1ticas de seguran\u00e7a no campo. Entenda quais s\u00e3o as pr\u00e1ticas recomendadas.\" \/>\n<meta name=\"robots\" content=\"index, follow, max-snippet:-1, max-image-preview:large, max-video-preview:-1\" \/>\n<link rel=\"canonical\" href=\"https:\/\/minax.com.br\/site\/intoxicacao-por-agrotoxicos\/\" \/>\n<meta property=\"og:locale\" content=\"pt_BR\" \/>\n<meta property=\"og:type\" content=\"article\" \/>\n<meta property=\"og:title\" content=\"Intoxica\u00e7\u00e3o por agrot\u00f3xicos: como evitar na rotina agr\u00edcola? - Minax - Constru\u00e7\u00f5es e Minera\u00e7\u00e3o\" \/>\n<meta property=\"og:description\" content=\"Evite a intoxica\u00e7\u00e3o por agrot\u00f3xicos com medidas pr\u00e1ticas de seguran\u00e7a no campo. Entenda quais s\u00e3o as pr\u00e1ticas recomendadas.\" \/>\n<meta property=\"og:url\" content=\"https:\/\/minax.com.br\/site\/intoxicacao-por-agrotoxicos\/\" \/>\n<meta property=\"og:site_name\" content=\"Minax - Constru\u00e7\u00f5es e Minera\u00e7\u00e3o\" \/>\n<meta property=\"article:publisher\" content=\"https:\/\/www.facebook.com\/minax.tcm\/\" \/>\n<meta property=\"article:published_time\" content=\"2025-08-28T11:00:00+00:00\" \/>\n<meta property=\"og:image\" content=\"https:\/\/minax.com.br\/site\/wp-content\/uploads\/2025\/08\/intoxicacao-por-agrotoxicos.jpg\" \/>\n\t<meta property=\"og:image:width\" content=\"512\" \/>\n\t<meta property=\"og:image:height\" content=\"341\" \/>\n\t<meta property=\"og:image:type\" content=\"image\/jpeg\" \/>\n<meta name=\"author\" content=\"Minax\" \/>\n<meta name=\"twitter:card\" content=\"summary_large_image\" \/>\n<meta name=\"twitter:label1\" content=\"Escrito por\" \/>\n\t<meta name=\"twitter:data1\" content=\"Minax\" \/>\n\t<meta name=\"twitter:label2\" content=\"Est. tempo de leitura\" \/>\n\t<meta name=\"twitter:data2\" content=\"9 minutos\" \/>\n<script type=\"application\/ld+json\" class=\"yoast-schema-graph\">{\"@context\":\"https:\/\/schema.org\",\"@graph\":[{\"@type\":\"Article\",\"@id\":\"https:\/\/minax.com.br\/site\/intoxicacao-por-agrotoxicos\/#article\",\"isPartOf\":{\"@id\":\"https:\/\/minax.com.br\/site\/intoxicacao-por-agrotoxicos\/\"},\"author\":{\"name\":\"Minax\",\"@id\":\"https:\/\/minax.com.br\/site\/#\/schema\/person\/671a22ccc4ba3798cd154b42912d761a\"},\"headline\":\"Intoxica\u00e7\u00e3o por agrot\u00f3xicos: como evitar na rotina agr\u00edcola?\",\"datePublished\":\"2025-08-28T11:00:00+00:00\",\"mainEntityOfPage\":{\"@id\":\"https:\/\/minax.com.br\/site\/intoxicacao-por-agrotoxicos\/\"},\"wordCount\":1825,\"publisher\":{\"@id\":\"https:\/\/minax.com.br\/site\/#organization\"},\"image\":{\"@id\":\"https:\/\/minax.com.br\/site\/intoxicacao-por-agrotoxicos\/#primaryimage\"},\"thumbnailUrl\":\"https:\/\/minax.com.br\/site\/wp-content\/uploads\/2025\/08\/intoxicacao-por-agrotoxicos.jpg\",\"articleSection\":[\"Blog\"],\"inLanguage\":\"pt-BR\"},{\"@type\":\"WebPage\",\"@id\":\"https:\/\/minax.com.br\/site\/intoxicacao-por-agrotoxicos\/\",\"url\":\"https:\/\/minax.com.br\/site\/intoxicacao-por-agrotoxicos\/\",\"name\":\"Intoxica\u00e7\u00e3o por agrot\u00f3xicos: como evitar na rotina agr\u00edcola? - Minax - Constru\u00e7\u00f5es e Minera\u00e7\u00e3o\",\"isPartOf\":{\"@id\":\"https:\/\/minax.com.br\/site\/#website\"},\"primaryImageOfPage\":{\"@id\":\"https:\/\/minax.com.br\/site\/intoxicacao-por-agrotoxicos\/#primaryimage\"},\"image\":{\"@id\":\"https:\/\/minax.com.br\/site\/intoxicacao-por-agrotoxicos\/#primaryimage\"},\"thumbnailUrl\":\"https:\/\/minax.com.br\/site\/wp-content\/uploads\/2025\/08\/intoxicacao-por-agrotoxicos.jpg\",\"datePublished\":\"2025-08-28T11:00:00+00:00\",\"description\":\"Evite a intoxica\u00e7\u00e3o por agrot\u00f3xicos com medidas pr\u00e1ticas de seguran\u00e7a no campo. Entenda quais s\u00e3o as pr\u00e1ticas recomendadas.\",\"breadcrumb\":{\"@id\":\"https:\/\/minax.com.br\/site\/intoxicacao-por-agrotoxicos\/#breadcrumb\"},\"inLanguage\":\"pt-BR\",\"potentialAction\":[{\"@type\":\"ReadAction\",\"target\":[\"https:\/\/minax.com.br\/site\/intoxicacao-por-agrotoxicos\/\"]}]},{\"@type\":\"ImageObject\",\"inLanguage\":\"pt-BR\",\"@id\":\"https:\/\/minax.com.br\/site\/intoxicacao-por-agrotoxicos\/#primaryimage\",\"url\":\"https:\/\/minax.com.br\/site\/wp-content\/uploads\/2025\/08\/intoxicacao-por-agrotoxicos.jpg\",\"contentUrl\":\"https:\/\/minax.com.br\/site\/wp-content\/uploads\/2025\/08\/intoxicacao-por-agrotoxicos.jpg\",\"width\":512,\"height\":341,\"caption\":\"Homem jogando agrot\u00f3xicos em planta\u00e7\u00e3o\"},{\"@type\":\"BreadcrumbList\",\"@id\":\"https:\/\/minax.com.br\/site\/intoxicacao-por-agrotoxicos\/#breadcrumb\",\"itemListElement\":[{\"@type\":\"ListItem\",\"position\":1,\"name\":\"In\u00edcio\",\"item\":\"https:\/\/minax.com.br\/site\/\"},{\"@type\":\"ListItem\",\"position\":2,\"name\":\"Intoxica\u00e7\u00e3o por agrot\u00f3xicos: como evitar na rotina agr\u00edcola?\"}]},{\"@type\":\"WebSite\",\"@id\":\"https:\/\/minax.com.br\/site\/#website\",\"url\":\"https:\/\/minax.com.br\/site\/\",\"name\":\"Minax - Constru\u00e7\u00f5es e Minera\u00e7\u00e3o\",\"description\":\"Loca\u00e7\u00e3o de M\u00e1quina Pesada, Loca\u00e7\u00e3o de Escavadeira, Loca\u00e7\u00e3o de Caminh\u00e3o Articulado, Loca\u00e7\u00e3o de Caminh\u00e3o 8x4, Loca\u00e7\u00e3o de Trator de Esteira, Loca\u00e7\u00e3o de Motoniveladora\",\"publisher\":{\"@id\":\"https:\/\/minax.com.br\/site\/#organization\"},\"alternateName\":\"Minax\",\"potentialAction\":[{\"@type\":\"SearchAction\",\"target\":{\"@type\":\"EntryPoint\",\"urlTemplate\":\"https:\/\/minax.com.br\/site\/?s={search_term_string}\"},\"query-input\":{\"@type\":\"PropertyValueSpecification\",\"valueRequired\":true,\"valueName\":\"search_term_string\"}}],\"inLanguage\":\"pt-BR\"},{\"@type\":\"Organization\",\"@id\":\"https:\/\/minax.com.br\/site\/#organization\",\"name\":\"Minax - Constru\u00e7\u00f5es e Minera\u00e7\u00e3o\",\"alternateName\":\"Minax\",\"url\":\"https:\/\/minax.com.br\/site\/\",\"logo\":{\"@type\":\"ImageObject\",\"inLanguage\":\"pt-BR\",\"@id\":\"https:\/\/minax.com.br\/site\/#\/schema\/logo\/image\/\",\"url\":\"https:\/\/minax.com.br\/site\/wp-content\/uploads\/2024\/02\/LOGO_MINAX.png\",\"contentUrl\":\"https:\/\/minax.com.br\/site\/wp-content\/uploads\/2024\/02\/LOGO_MINAX.png\",\"width\":313,\"height\":79,\"caption\":\"Minax - Constru\u00e7\u00f5es e Minera\u00e7\u00e3o\"},\"image\":{\"@id\":\"https:\/\/minax.com.br\/site\/#\/schema\/logo\/image\/\"},\"sameAs\":[\"https:\/\/www.facebook.com\/minax.tcm\/\",\"https:\/\/www.instagram.com\/minax.tcm\",\"https:\/\/www.linkedin.com\/company\/minax-transportes-construcoes-pesadas-e-mineracao\"]},{\"@type\":\"Person\",\"@id\":\"https:\/\/minax.com.br\/site\/#\/schema\/person\/671a22ccc4ba3798cd154b42912d761a\",\"name\":\"Minax\",\"image\":{\"@type\":\"ImageObject\",\"inLanguage\":\"pt-BR\",\"@id\":\"https:\/\/minax.com.br\/site\/#\/schema\/person\/image\/\",\"url\":\"https:\/\/secure.gravatar.com\/avatar\/f4cbb0e39af3ab6388bc7719cd3e5f977562da6c6073e579f6e981c3c833cfdf?s=96&d=mm&r=g\",\"contentUrl\":\"https:\/\/secure.gravatar.com\/avatar\/f4cbb0e39af3ab6388bc7719cd3e5f977562da6c6073e579f6e981c3c833cfdf?s=96&d=mm&r=g\",\"caption\":\"Minax\"},\"url\":\"https:\/\/minax.com.br\/site\/author\/editor\/\"}]}<\/script>\n<!-- \/ Yoast SEO plugin. -->","yoast_head_json":{"title":"Intoxica\u00e7\u00e3o por agrot\u00f3xicos: como evitar na rotina agr\u00edcola? - Minax - Constru\u00e7\u00f5es e Minera\u00e7\u00e3o","description":"Evite a intoxica\u00e7\u00e3o por agrot\u00f3xicos com medidas pr\u00e1ticas de seguran\u00e7a no campo. Entenda quais s\u00e3o as pr\u00e1ticas recomendadas.","robots":{"index":"index","follow":"follow","max-snippet":"max-snippet:-1","max-image-preview":"max-image-preview:large","max-video-preview":"max-video-preview:-1"},"canonical":"https:\/\/minax.com.br\/site\/intoxicacao-por-agrotoxicos\/","og_locale":"pt_BR","og_type":"article","og_title":"Intoxica\u00e7\u00e3o por agrot\u00f3xicos: como evitar na rotina agr\u00edcola? - Minax - Constru\u00e7\u00f5es e Minera\u00e7\u00e3o","og_description":"Evite a intoxica\u00e7\u00e3o por agrot\u00f3xicos com medidas pr\u00e1ticas de seguran\u00e7a no campo. Entenda quais s\u00e3o as pr\u00e1ticas recomendadas.","og_url":"https:\/\/minax.com.br\/site\/intoxicacao-por-agrotoxicos\/","og_site_name":"Minax - Constru\u00e7\u00f5es e Minera\u00e7\u00e3o","article_publisher":"https:\/\/www.facebook.com\/minax.tcm\/","article_published_time":"2025-08-28T11:00:00+00:00","og_image":[{"width":512,"height":341,"url":"https:\/\/minax.com.br\/site\/wp-content\/uploads\/2025\/08\/intoxicacao-por-agrotoxicos.jpg","type":"image\/jpeg"}],"author":"Minax","twitter_card":"summary_large_image","twitter_misc":{"Escrito por":"Minax","Est. tempo de leitura":"9 minutos"},"schema":{"@context":"https:\/\/schema.org","@graph":[{"@type":"Article","@id":"https:\/\/minax.com.br\/site\/intoxicacao-por-agrotoxicos\/#article","isPartOf":{"@id":"https:\/\/minax.com.br\/site\/intoxicacao-por-agrotoxicos\/"},"author":{"name":"Minax","@id":"https:\/\/minax.com.br\/site\/#\/schema\/person\/671a22ccc4ba3798cd154b42912d761a"},"headline":"Intoxica\u00e7\u00e3o por agrot\u00f3xicos: como evitar na rotina agr\u00edcola?","datePublished":"2025-08-28T11:00:00+00:00","mainEntityOfPage":{"@id":"https:\/\/minax.com.br\/site\/intoxicacao-por-agrotoxicos\/"},"wordCount":1825,"publisher":{"@id":"https:\/\/minax.com.br\/site\/#organization"},"image":{"@id":"https:\/\/minax.com.br\/site\/intoxicacao-por-agrotoxicos\/#primaryimage"},"thumbnailUrl":"https:\/\/minax.com.br\/site\/wp-content\/uploads\/2025\/08\/intoxicacao-por-agrotoxicos.jpg","articleSection":["Blog"],"inLanguage":"pt-BR"},{"@type":"WebPage","@id":"https:\/\/minax.com.br\/site\/intoxicacao-por-agrotoxicos\/","url":"https:\/\/minax.com.br\/site\/intoxicacao-por-agrotoxicos\/","name":"Intoxica\u00e7\u00e3o por agrot\u00f3xicos: como evitar na rotina agr\u00edcola? - Minax - Constru\u00e7\u00f5es e Minera\u00e7\u00e3o","isPartOf":{"@id":"https:\/\/minax.com.br\/site\/#website"},"primaryImageOfPage":{"@id":"https:\/\/minax.com.br\/site\/intoxicacao-por-agrotoxicos\/#primaryimage"},"image":{"@id":"https:\/\/minax.com.br\/site\/intoxicacao-por-agrotoxicos\/#primaryimage"},"thumbnailUrl":"https:\/\/minax.com.br\/site\/wp-content\/uploads\/2025\/08\/intoxicacao-por-agrotoxicos.jpg","datePublished":"2025-08-28T11:00:00+00:00","description":"Evite a intoxica\u00e7\u00e3o por agrot\u00f3xicos com medidas pr\u00e1ticas de seguran\u00e7a no campo. Entenda quais s\u00e3o as pr\u00e1ticas recomendadas.","breadcrumb":{"@id":"https:\/\/minax.com.br\/site\/intoxicacao-por-agrotoxicos\/#breadcrumb"},"inLanguage":"pt-BR","potentialAction":[{"@type":"ReadAction","target":["https:\/\/minax.com.br\/site\/intoxicacao-por-agrotoxicos\/"]}]},{"@type":"ImageObject","inLanguage":"pt-BR","@id":"https:\/\/minax.com.br\/site\/intoxicacao-por-agrotoxicos\/#primaryimage","url":"https:\/\/minax.com.br\/site\/wp-content\/uploads\/2025\/08\/intoxicacao-por-agrotoxicos.jpg","contentUrl":"https:\/\/minax.com.br\/site\/wp-content\/uploads\/2025\/08\/intoxicacao-por-agrotoxicos.jpg","width":512,"height":341,"caption":"Homem jogando agrot\u00f3xicos em planta\u00e7\u00e3o"},{"@type":"BreadcrumbList","@id":"https:\/\/minax.com.br\/site\/intoxicacao-por-agrotoxicos\/#breadcrumb","itemListElement":[{"@type":"ListItem","position":1,"name":"In\u00edcio","item":"https:\/\/minax.com.br\/site\/"},{"@type":"ListItem","position":2,"name":"Intoxica\u00e7\u00e3o por agrot\u00f3xicos: como evitar na rotina agr\u00edcola?"}]},{"@type":"WebSite","@id":"https:\/\/minax.com.br\/site\/#website","url":"https:\/\/minax.com.br\/site\/","name":"Minax - Constru\u00e7\u00f5es e Minera\u00e7\u00e3o","description":"Loca\u00e7\u00e3o de M\u00e1quina Pesada, Loca\u00e7\u00e3o de Escavadeira, Loca\u00e7\u00e3o de Caminh\u00e3o Articulado, Loca\u00e7\u00e3o de Caminh\u00e3o 8x4, Loca\u00e7\u00e3o de Trator de Esteira, Loca\u00e7\u00e3o de Motoniveladora","publisher":{"@id":"https:\/\/minax.com.br\/site\/#organization"},"alternateName":"Minax","potentialAction":[{"@type":"SearchAction","target":{"@type":"EntryPoint","urlTemplate":"https:\/\/minax.com.br\/site\/?s={search_term_string}"},"query-input":{"@type":"PropertyValueSpecification","valueRequired":true,"valueName":"search_term_string"}}],"inLanguage":"pt-BR"},{"@type":"Organization","@id":"https:\/\/minax.com.br\/site\/#organization","name":"Minax - Constru\u00e7\u00f5es e Minera\u00e7\u00e3o","alternateName":"Minax","url":"https:\/\/minax.com.br\/site\/","logo":{"@type":"ImageObject","inLanguage":"pt-BR","@id":"https:\/\/minax.com.br\/site\/#\/schema\/logo\/image\/","url":"https:\/\/minax.com.br\/site\/wp-content\/uploads\/2024\/02\/LOGO_MINAX.png","contentUrl":"https:\/\/minax.com.br\/site\/wp-content\/uploads\/2024\/02\/LOGO_MINAX.png","width":313,"height":79,"caption":"Minax - Constru\u00e7\u00f5es e Minera\u00e7\u00e3o"},"image":{"@id":"https:\/\/minax.com.br\/site\/#\/schema\/logo\/image\/"},"sameAs":["https:\/\/www.facebook.com\/minax.tcm\/","https:\/\/www.instagram.com\/minax.tcm","https:\/\/www.linkedin.com\/company\/minax-transportes-construcoes-pesadas-e-mineracao"]},{"@type":"Person","@id":"https:\/\/minax.com.br\/site\/#\/schema\/person\/671a22ccc4ba3798cd154b42912d761a","name":"Minax","image":{"@type":"ImageObject","inLanguage":"pt-BR","@id":"https:\/\/minax.com.br\/site\/#\/schema\/person\/image\/","url":"https:\/\/secure.gravatar.com\/avatar\/f4cbb0e39af3ab6388bc7719cd3e5f977562da6c6073e579f6e981c3c833cfdf?s=96&d=mm&r=g","contentUrl":"https:\/\/secure.gravatar.com\/avatar\/f4cbb0e39af3ab6388bc7719cd3e5f977562da6c6073e579f6e981c3c833cfdf?s=96&d=mm&r=g","caption":"Minax"},"url":"https:\/\/minax.com.br\/site\/author\/editor\/"}]}},"_links":{"self":[{"href":"https:\/\/minax.com.br\/site\/wp-json\/wp\/v2\/posts\/1776","targetHints":{"allow":["GET"]}}],"collection":[{"href":"https:\/\/minax.com.br\/site\/wp-json\/wp\/v2\/posts"}],"about":[{"href":"https:\/\/minax.com.br\/site\/wp-json\/wp\/v2\/types\/post"}],"author":[{"embeddable":true,"href":"https:\/\/minax.com.br\/site\/wp-json\/wp\/v2\/users\/3"}],"replies":[{"embeddable":true,"href":"https:\/\/minax.com.br\/site\/wp-json\/wp\/v2\/comments?post=1776"}],"version-history":[{"count":1,"href":"https:\/\/minax.com.br\/site\/wp-json\/wp\/v2\/posts\/1776\/revisions"}],"predecessor-version":[{"id":1778,"href":"https:\/\/minax.com.br\/site\/wp-json\/wp\/v2\/posts\/1776\/revisions\/1778"}],"wp:featuredmedia":[{"embeddable":true,"href":"https:\/\/minax.com.br\/site\/wp-json\/wp\/v2\/media\/1777"}],"wp:attachment":[{"href":"https:\/\/minax.com.br\/site\/wp-json\/wp\/v2\/media?parent=1776"}],"wp:term":[{"taxonomy":"category","embeddable":true,"href":"https:\/\/minax.com.br\/site\/wp-json\/wp\/v2\/categories?post=1776"},{"taxonomy":"post_tag","embeddable":true,"href":"https:\/\/minax.com.br\/site\/wp-json\/wp\/v2\/tags?post=1776"}],"curies":[{"name":"wp","href":"https:\/\/api.w.org\/{rel}","templated":true}]}}