{"id":1782,"date":"2025-09-04T08:00:00","date_gmt":"2025-09-04T11:00:00","guid":{"rendered":"https:\/\/minax.com.br\/site\/?p=1782"},"modified":"2025-08-18T13:44:29","modified_gmt":"2025-08-18T16:44:29","slug":"gestao-rural","status":"publish","type":"post","link":"https:\/\/minax.com.br\/site\/gestao-rural\/","title":{"rendered":"Gest\u00e3o rural: descubra como unir tecnologia e sustentabilidade"},"content":{"rendered":"\n<p>A gest\u00e3o rural passou por uma verdadeira revolu\u00e7\u00e3o nos \u00faltimos anos. Se antes ela se limitava ao controle das atividades do campo, hoje ela se tornou um processo estrat\u00e9gico que envolve planejamento, dados, sustentabilidade e inova\u00e7\u00e3o tecnol\u00f3gica.<\/p>\n\n\n\n<p>Em um cen\u00e1rio cada vez mais desafiador, com mudan\u00e7as clim\u00e1ticas, escassez de recursos e maior cobran\u00e7a por responsabilidade ambiental, <strong>integrar gest\u00e3o rural sustent\u00e1vel com tecnologia<\/strong> deixou de ser uma op\u00e7\u00e3o \u2014 virou um diferencial competitivo e, em muitos casos, uma necessidade de sobreviv\u00eancia.<\/p>\n\n\n\n<p>Nas pr\u00f3ximas se\u00e7\u00f5es, vamos entender como essa transforma\u00e7\u00e3o acontece na pr\u00e1tica, quais tecnologias est\u00e3o dispon\u00edveis, quais pilares sustentam uma boa gest\u00e3o de propriedade rural e como come\u00e7ar essa jornada rumo \u00e0 inova\u00e7\u00e3o com consci\u00eancia ambiental. Continue lendo e descubra como transformar seu neg\u00f3cio rural!<\/p>\n\n\n\n<h2 class=\"wp-block-heading\">O que \u00e9 gest\u00e3o rural?<\/h2>\n\n\n\n<p>\u00c9 o conjunto de <strong>pr\u00e1ticas voltadas \u00e0 organiza\u00e7\u00e3o, controle e desenvolvimento de uma propriedade agr\u00edcola ou pecu\u00e1ria<\/strong>. Envolve \u00e1reas como <a href=\"https:\/\/minax.com.br\/site\/planejamento-agricola\/\">planejamento de safras<\/a>, uso de recursos naturais, controle de custos, log\u00edstica, comercializa\u00e7\u00e3o e at\u00e9 gest\u00e3o de pessoas.<\/p>\n\n\n\n<p>Muito mais do que a administra\u00e7\u00e3o de tarefas operacionais, a gest\u00e3o rural moderna exige vis\u00e3o estrat\u00e9gica. \u00c9 necess\u00e1rio alinhar produtividade, sustentabilidade e rentabilidade \u2014 sempre considerando os riscos clim\u00e1ticos, o mercado e as exig\u00eancias legais.<\/p>\n\n\n\n<p>Outro ponto fundamental \u00e9 a integra\u00e7\u00e3o entre setores. Produ\u00e7\u00e3o, financeiro, comercial e recursos humanos precisam atuar de forma sincronizada para garantir o m\u00e1ximo de efici\u00eancia.&nbsp;<\/p>\n\n\n\n<p>Por isso, cada vez mais produtores est\u00e3o adotando m\u00e9todos profissionais de gest\u00e3o, semelhantes aos usados em empresas de outros setores.<\/p>\n\n\n\n<p>Al\u00e9m disso, a gest\u00e3o rural vai al\u00e9m da porteira: ela envolve tamb\u00e9m o relacionamento com fornecedores, compradores, prestadores de servi\u00e7o e at\u00e9 a comunidade local.&nbsp;<\/p>\n\n\n\n<p>Ter clareza nos processos internos e externos ajuda a evitar gargalos, aproveitar oportunidades e criar um neg\u00f3cio rural s\u00f3lido, moderno e sustent\u00e1vel.<\/p>\n\n\n\n<h2 class=\"wp-block-heading\">Por que \u00e9 importante na agricultura moderna?<\/h2>\n\n\n\n<p>Na <a href=\"https:\/\/minax.com.br\/site\/agricultura-brasileira-em-foco-confira-o-panorama-atual\/\">agricultura atual<\/a>, marcada por instabilidades clim\u00e1ticas e oscila\u00e7\u00f5es de pre\u00e7os, a gest\u00e3o de propriedade rural eficiente se tornou fundamental. Planejar com anteced\u00eancia reduz perdas, melhora o uso de insumos e facilita o cumprimento de normas ambientais.<\/p>\n\n\n\n<p>Al\u00e9m disso, uma boa gest\u00e3o garante previsibilidade financeira, aumenta o valor agregado da produ\u00e7\u00e3o e fortalece a posi\u00e7\u00e3o do produtor no mercado. Tudo isso contribui para um sistema agr\u00edcola mais resiliente e competitivo.<\/p>\n\n\n\n<p>Outro aspecto importante \u00e9 a rastreabilidade, cada vez mais exigida por consumidores e exportadores. Com um bom sistema de gest\u00e3o, \u00e9 poss\u00edvel documentar todo o processo produtivo, desde a escolha da semente at\u00e9 o destino final do alimento, <strong>atendendo aos padr\u00f5es exigidos e conquistando mercados mais exigentes.<\/strong><\/p>\n\n\n\n<p>Tamb\u00e9m vale destacar o papel da gest\u00e3o na adapta\u00e7\u00e3o \u00e0s mudan\u00e7as. Com decis\u00f5es baseadas em dados, o produtor consegue se antecipar a cen\u00e1rios adversos, como uma estiagem prolongada ou uma queda no pre\u00e7o de mercado, ajustando estrat\u00e9gias em tempo real.<\/p>\n\n\n\n<h2 class=\"wp-block-heading\">Qual \u00e9 o papel das tecnologias?<\/h2>\n\n\n\n<p>As <a href=\"https:\/\/minax.com.br\/site\/fique-por-dentro-de-9-tecnologias-emergentes-no-agronegocio\/\">tecnologias<\/a> de gest\u00e3o rural vieram para transformar positivamente o setor. Hoje, sensores, softwares, imagens de sat\u00e9lite e intelig\u00eancia artificial j\u00e1 fazem parte do cotidiano no campo.<\/p>\n\n\n\n<p>Essas ferramentas permitem decis\u00f5es mais embasadas, com menos desperd\u00edcio e mais efici\u00eancia. Algumas solu\u00e7\u00f5es j\u00e1 aplicadas incluem:<\/p>\n\n\n\n<ul class=\"wp-block-list\">\n<li><strong>sistemas de irriga\u00e7\u00e3o automatizados e inteligentes;<\/strong><br><\/li>\n\n\n\n<li>aplicativos de monitoramento do solo e clima;<br><\/li>\n\n\n\n<li><strong>drones para mapeamento e pulveriza\u00e7\u00e3o localizada;<\/strong><br><\/li>\n\n\n\n<li>plataformas que integram dados de produ\u00e7\u00e3o, clima e mercado.<br><\/li>\n<\/ul>\n\n\n\n<p>Com essas inova\u00e7\u00f5es, o produtor n\u00e3o depende mais apenas da intui\u00e7\u00e3o: ele tem dados concretos para decidir o que plantar, quando colher e como investir.<\/p>\n\n\n\n<p>Mais do que ferramentas isoladas, a tecnologia funciona como um ecossistema integrado. <strong>Os dados captados no campo s\u00e3o processados em tempo real<\/strong> e transformados em relat\u00f3rios acess\u00edveis por celular ou computador, permitindo ajustes imediatos nas opera\u00e7\u00f5es.&nbsp;<\/p>\n\n\n\n<p>Essa capacidade de resposta \u00e9 especialmente valiosa em situa\u00e7\u00f5es cr\u00edticas, como ataques de pragas ou eventos clim\u00e1ticos extremos.<\/p>\n\n\n\n<p>Outro avan\u00e7o \u00e9 a conectividade. Com a chegada do 5G e a expans\u00e3o da internet rural, mesmo propriedades mais afastadas conseguem adotar sistemas inteligentes, que facilitam o controle remoto das opera\u00e7\u00f5es e ampliam a produtividade com sustentabilidade.<\/p>\n\n\n\n<h2 class=\"wp-block-heading\">Qual \u00e9 a import\u00e2ncia da uni\u00e3o entre tecnologia e sustentabilidade na gest\u00e3o rural?<\/h2>\n\n\n\n<p>A verdadeira transforma\u00e7\u00e3o ocorre <strong>quando a tecnologia se alinha aos princ\u00edpios da sustentabilidade.<\/strong> N\u00e3o basta usar drones ou sensores se isso n\u00e3o estiver conectado a pr\u00e1ticas que respeitem o meio ambiente e melhorem a qualidade de vida no campo.<\/p>\n\n\n\n<p>Essa uni\u00e3o garante uma produ\u00e7\u00e3o mais limpa, com menos impacto ambiental e maior efici\u00eancia no uso de recursos como \u00e1gua, solo e energia.&nbsp;<\/p>\n\n\n\n<p>Ao mesmo tempo, torna o neg\u00f3cio mais valorizado por consumidores e mercados que exigem rastreabilidade, responsabilidade social e respeito ao meio ambiente.<\/p>\n\n\n\n<h2 class=\"wp-block-heading\">Quais s\u00e3o as boas pr\u00e1ticas de tecnologia e sustentabilidade na gest\u00e3o rural?<\/h2>\n\n\n\n<p>A ado\u00e7\u00e3o de boas pr\u00e1ticas que aliam inova\u00e7\u00e3o e <a href=\"https:\/\/minax.com.br\/site\/responsabilidade-ambiental\/\">responsabilidade ambienta<\/a>l pode transformar a realidade do campo. Confira algumas estrat\u00e9gias recomendadas!<\/p>\n\n\n\n<h3 class=\"wp-block-heading\">Uso racional da \u00e1gua com irriga\u00e7\u00e3o inteligente<\/h3>\n\n\n\n<p>Sistemas de irriga\u00e7\u00e3o automatizados permitem que a \u00e1gua seja aplicada apenas quando e onde \u00e9 necess\u00e1ria, evitando desperd\u00edcios e economizando um recurso cada vez mais escasso. <strong>Esses sistemas utilizam sensores de umidade e dados clim\u00e1ticos para agir com precis\u00e3o.<\/strong><\/p>\n\n\n\n<h3 class=\"wp-block-heading\">Agricultura de precis\u00e3o para reduzir insumos<\/h3>\n\n\n\n<p>Com o apoio de drones, GPS e sensores, a agricultura de precis\u00e3o possibilita aplicar fertilizantes, defensivos e sementes apenas nas \u00e1reas que realmente precisam. Isso reduz os custos de produ\u00e7\u00e3o e minimiza o impacto ambiental.<\/p>\n\n\n\n<h3 class=\"wp-block-heading\">Monitoramento do solo em tempo real<\/h3>\n\n\n\n<p>Sensores enterrados no solo permitem acompanhar em tempo real a umidade, temperatura, pH e nutrientes. Com esses dados, o produtor ajusta o manejo de forma mais precisa e sustent\u00e1vel,<strong> sempre mantendo a fertilidade e reduzindo o uso excessivo de insumos.<\/strong><\/p>\n\n\n\n<h3 class=\"wp-block-heading\">Gest\u00e3o de res\u00edduos<\/h3>\n\n\n\n<p>Transformar res\u00edduos org\u00e2nicos da <a href=\"https:\/\/minax.com.br\/site\/movimentacao-de-terra\/\">fazenda<\/a> em compostagem ou bioenergia \u00e9 uma pr\u00e1tica sustent\u00e1vel que fecha o ciclo produtivo. Al\u00e9m de reduzir o lixo, esse processo devolve nutrientes ao solo e diminui a emiss\u00e3o de gases de efeito estufa.<\/p>\n\n\n\n<h3 class=\"wp-block-heading\">Rastreabilidade da produ\u00e7\u00e3o<\/h3>\n\n\n\n<p>A ado\u00e7\u00e3o de sistemas que registram todas as etapas da produ\u00e7\u00e3o agr\u00edcola permite rastrear desde o plantio at\u00e9 o consumidor final. Isso atende a exig\u00eancias de exporta\u00e7\u00e3o, d\u00e1 mais transpar\u00eancia ao mercado e agrega valor ao produto.<\/p>\n\n\n\n<h3 class=\"wp-block-heading\">Capacita\u00e7\u00e3o digital de equipes do campo<\/h3>\n\n\n\n<p>A tecnologia s\u00f3 funciona quando aplicada de maneira adequada. Por isso, <strong>investir na forma\u00e7\u00e3o digital dos trabalhadores do campo \u00e9 essencial<\/strong>. Treinamentos e oficinas ajudam a equipe a dominar ferramentas tecnol\u00f3gicas e adotar uma postura mais colaborativa e orientada a dados.<\/p>\n\n\n\n<h3 class=\"wp-block-heading\">Integra\u00e7\u00e3o de sistemas e plataformas<\/h3>\n\n\n\n<p>Quando as ferramentas digitais conversam entre si, a gest\u00e3o se torna mais eficiente. Integrar plataformas de controle financeiro, produtividade e clima permite uma vis\u00e3o hol\u00edstica da propriedade rural, otimizando a tomada de decis\u00e3o.<\/p>\n\n\n\n<h2 class=\"wp-block-heading\"><strong>Quais os pilares da gest\u00e3o rural?<\/strong><\/h2>\n\n\n\n<p>Para funcionar bem, a gest\u00e3o rural precisa se apoiar em pilares s\u00f3lidos. S\u00e3o eles que garantem a continuidade e o crescimento sustent\u00e1vel do neg\u00f3cio. Conhe\u00e7a os principais:<\/p>\n\n\n\n<ul class=\"wp-block-list\">\n<li><strong>planejamento estrat\u00e9gico<\/strong>: definir metas, prever riscos e alinhar decis\u00f5es;<br><\/li>\n\n\n\n<li><strong>controle financeiro<\/strong>: registrar receitas, despesas e fluxo de caixa com precis\u00e3o;<br><\/li>\n\n\n\n<li><strong>gest\u00e3o de pessoas<\/strong>: valorizar e capacitar quem est\u00e1 no campo todos os dias;<br><\/li>\n\n\n\n<li><strong>uso eficiente de recursos<\/strong>: \u00e1gua, solo, energia e insumos com intelig\u00eancia;<br><\/li>\n\n\n\n<li><strong>tecnologia e inova\u00e7\u00e3o<\/strong>: adotar ferramentas digitais que facilitem a opera\u00e7\u00e3o.<br><\/li>\n<\/ul>\n\n\n\n<p>Esses pilares precisam estar integrados, funcionando de forma harm\u00f4nica para que a gest\u00e3o tenha sucesso a longo prazo.<\/p>\n\n\n\n<h2 class=\"wp-block-heading\">Quais os desafios a serem superados?<\/h2>\n\n\n\n<p>Apesar dos avan\u00e7os, ainda h\u00e1 obst\u00e1culos no caminho de quem busca implementar uma gest\u00e3o rural sustent\u00e1vel e tecnol\u00f3gica. Descubra os principais:<\/p>\n\n\n\n<ul class=\"wp-block-list\">\n<li><strong>falta de conectividade<\/strong> em \u00e1reas rurais, que limita o uso de solu\u00e7\u00f5es digitais;<br><\/li>\n\n\n\n<li><strong>custo de implanta\u00e7\u00e3o<\/strong> de novas tecnologias, principalmente para pequenos produtores;<br><\/li>\n\n\n\n<li><strong>resist\u00eancia \u00e0 mudan\u00e7a<\/strong>, comum em contextos mais tradicionais;<br><\/li>\n\n\n\n<li><strong>car\u00eancia de m\u00e3o de obra qualificada<\/strong> para operar ferramentas digitais;<br><\/li>\n\n\n\n<li><strong>falta de pol\u00edticas p\u00fablicas<\/strong> que incentivem a inova\u00e7\u00e3o no campo.<br><\/li>\n<\/ul>\n\n\n\n<p>Superar esses desafios exige apoio t\u00e9cnico, acesso a cr\u00e9dito, incentivo \u00e0 educa\u00e7\u00e3o e, claro, uma mudan\u00e7a de mentalidade.<\/p>\n\n\n\n<h2 class=\"wp-block-heading\">Como iniciar a transforma\u00e7\u00e3o digital no campo com foco sustent\u00e1vel?<\/h2>\n\n\n\n<p>Dar o primeiro passo na jornada digital pode parecer desafiador, mas com estrat\u00e9gia e foco \u00e9 poss\u00edvel transformar o campo sem perder a ess\u00eancia produtiva. A seguir, confira algumas iniciativas que facilitam esse processo.<\/p>\n\n\n\n<h3 class=\"wp-block-heading\"><strong>Investimento em capacita\u00e7\u00e3o t\u00e9cnica<\/strong><\/h3>\n\n\n\n<p>Mais do que adquirir ferramentas, \u00e9 necess\u00e1rio entender como us\u00e1-las. Buscar cursos, palestras e treinamentos em tecnologia agr\u00edcola ajuda a preparar toda a equipe para lidar com novos processos e plataformas digitais.<\/p>\n\n\n\n<h3 class=\"wp-block-heading\"><strong>Ado\u00e7\u00e3o de solu\u00e7\u00f5es acess\u00edveis e modulares<\/strong><\/h3>\n\n\n\n<p>Nem sempre ser\u00e1 preciso investir muito dinheiro. Aplicativos simples, sensores pontuais e softwares em nuvem j\u00e1 permitem resultados expressivos. O segredo est\u00e1 em escolher solu\u00e7\u00f5es modulares e escal\u00e1veis,<strong> que possam crescer com a necessidade da propriedade.<\/strong><\/p>\n\n\n\n<h3 class=\"wp-block-heading\">Implementa\u00e7\u00e3o da agricultura de precis\u00e3o<\/h3>\n\n\n\n<p>A agricultura de precis\u00e3o \u00e9 uma das portas de entrada mais acess\u00edveis para a transforma\u00e7\u00e3o digital. Come\u00e7ar com mapeamento do solo e uso de drones para monitoramento de lavouras j\u00e1 traz ganhos relevantes em efici\u00eancia e sustentabilidade.<\/p>\n\n\n\n<h3 class=\"wp-block-heading\">Parcerias com cooperativas e agtechs<\/h3>\n\n\n\n<p>Cooperativas, universidades e startups do agro, as chamadas agtechs<strong>, t\u00eam sido fundamentais para democratizar o acesso \u00e0 tecnologia no campo. <\/strong>Parcerias com essas institui\u00e7\u00f5es podem trazer orienta\u00e7\u00e3o t\u00e9cnica, solu\u00e7\u00f5es subsidiadas e at\u00e9 programas de forma\u00e7\u00e3o.<\/p>\n\n\n\n<h3 class=\"wp-block-heading\">Uso de linhas de cr\u00e9dito espec\u00edficas<\/h3>\n\n\n\n<p>Diversos bancos e programas governamentais j\u00e1 oferecem linhas de cr\u00e9dito voltadas \u00e0 digitaliza\u00e7\u00e3o do campo. Esses recursos permitem adquirir tecnologia com taxas mais atrativas e prazos adequados \u00e0 realidade da atividade rural.<\/p>\n\n\n\n<h3 class=\"wp-block-heading\">Defini\u00e7\u00e3o de indicadores de sustentabilidade<\/h3>\n\n\n\n<p>Para que a gest\u00e3o sustent\u00e1vel evolua, \u00e9 preciso medir. Estabele\u00e7a metas de redu\u00e7\u00e3o de insumos, consumo de \u00e1gua ou emiss\u00e3o de carbono e acompanhe esses indicadores periodicamente. Isso torna a sustentabilidade algo concreto e mensur\u00e1vel.<\/p>\n\n\n\n<p>Com a ado\u00e7\u00e3o de boas pr\u00e1ticas e o uso estrat\u00e9gico da tecnologia, a gest\u00e3o rural se torna o alicerce de uma <a href=\"https:\/\/minax.com.br\/site\/agricultura-5-0\/\">agricultura moderna<\/a>, sustent\u00e1vel e, acima de tudo, rent\u00e1vel. Chegou a hora de transformar o campo com inova\u00e7\u00e3o e responsabilidade ambiental.<\/p>\n\n\n\n<p>Quer aprofundar seus conhecimentos em gest\u00e3o rural com foco em inova\u00e7\u00e3o e sustentabilidade? <a href=\"https:\/\/www.minax.com.br\/\">Acesse o site da Minax<\/a> e fique por dentro das solu\u00e7\u00f5es que est\u00e3o transformando o campo.<\/p>\n","protected":false},"excerpt":{"rendered":"<p>A gest\u00e3o rural passou por uma verdadeira revolu\u00e7\u00e3o nos \u00faltimos anos. Se antes ela se limitava ao controle das atividades do campo, hoje ela se tornou um processo estrat\u00e9gico que envolve planejamento, dados, sustentabilidade e inova\u00e7\u00e3o tecnol\u00f3gica. Em um cen\u00e1rio cada vez mais desafiador, com mudan\u00e7as clim\u00e1ticas, escassez de recursos e maior cobran\u00e7a por responsabilidade [&hellip;]<\/p>\n","protected":false},"author":3,"featured_media":1783,"comment_status":"closed","ping_status":"closed","sticky":false,"template":"","format":"standard","meta":{"footnotes":""},"categories":[11],"tags":[],"class_list":["post-1782","post","type-post","status-publish","format-standard","has-post-thumbnail","hentry","category-blog"],"yoast_head":"<!-- This site is optimized with the Yoast SEO plugin v25.7 - https:\/\/yoast.com\/wordpress\/plugins\/seo\/ -->\n<title>Gest\u00e3o rural: descubra como unir tecnologia e sustentabilidade - Minax - Constru\u00e7\u00f5es e Minera\u00e7\u00e3o<\/title>\n<meta name=\"description\" content=\"Transforme sua gest\u00e3o rural com tecnologia e sustentabilidade. Aprenda boas pr\u00e1ticas e acesse mais conte\u00fados no site da Minax!\" \/>\n<meta name=\"robots\" content=\"index, follow, max-snippet:-1, max-image-preview:large, max-video-preview:-1\" \/>\n<link rel=\"canonical\" href=\"https:\/\/minax.com.br\/site\/gestao-rural\/\" \/>\n<meta property=\"og:locale\" content=\"pt_BR\" \/>\n<meta property=\"og:type\" content=\"article\" \/>\n<meta property=\"og:title\" content=\"Gest\u00e3o rural: descubra como unir tecnologia e sustentabilidade - Minax - Constru\u00e7\u00f5es e Minera\u00e7\u00e3o\" \/>\n<meta property=\"og:description\" content=\"Transforme sua gest\u00e3o rural com tecnologia e sustentabilidade. Aprenda boas pr\u00e1ticas e acesse mais conte\u00fados no site da Minax!\" \/>\n<meta property=\"og:url\" content=\"https:\/\/minax.com.br\/site\/gestao-rural\/\" \/>\n<meta property=\"og:site_name\" content=\"Minax - Constru\u00e7\u00f5es e Minera\u00e7\u00e3o\" \/>\n<meta property=\"article:publisher\" content=\"https:\/\/www.facebook.com\/minax.tcm\/\" \/>\n<meta property=\"article:published_time\" content=\"2025-09-04T11:00:00+00:00\" \/>\n<meta property=\"og:image\" content=\"https:\/\/minax.com.br\/site\/wp-content\/uploads\/2025\/08\/gestao-rural.jpg\" \/>\n\t<meta property=\"og:image:width\" content=\"512\" \/>\n\t<meta property=\"og:image:height\" content=\"341\" \/>\n\t<meta property=\"og:image:type\" content=\"image\/jpeg\" \/>\n<meta name=\"author\" content=\"Minax\" \/>\n<meta name=\"twitter:card\" content=\"summary_large_image\" \/>\n<meta name=\"twitter:label1\" content=\"Escrito por\" \/>\n\t<meta name=\"twitter:data1\" content=\"Minax\" \/>\n\t<meta name=\"twitter:label2\" content=\"Est. tempo de leitura\" \/>\n\t<meta name=\"twitter:data2\" content=\"10 minutos\" \/>\n<script type=\"application\/ld+json\" class=\"yoast-schema-graph\">{\"@context\":\"https:\/\/schema.org\",\"@graph\":[{\"@type\":\"Article\",\"@id\":\"https:\/\/minax.com.br\/site\/gestao-rural\/#article\",\"isPartOf\":{\"@id\":\"https:\/\/minax.com.br\/site\/gestao-rural\/\"},\"author\":{\"name\":\"Minax\",\"@id\":\"https:\/\/minax.com.br\/site\/#\/schema\/person\/671a22ccc4ba3798cd154b42912d761a\"},\"headline\":\"Gest\u00e3o rural: descubra como unir tecnologia e sustentabilidade\",\"datePublished\":\"2025-09-04T11:00:00+00:00\",\"mainEntityOfPage\":{\"@id\":\"https:\/\/minax.com.br\/site\/gestao-rural\/\"},\"wordCount\":1853,\"publisher\":{\"@id\":\"https:\/\/minax.com.br\/site\/#organization\"},\"image\":{\"@id\":\"https:\/\/minax.com.br\/site\/gestao-rural\/#primaryimage\"},\"thumbnailUrl\":\"https:\/\/minax.com.br\/site\/wp-content\/uploads\/2025\/08\/gestao-rural.jpg\",\"articleSection\":[\"Blog\"],\"inLanguage\":\"pt-BR\"},{\"@type\":\"WebPage\",\"@id\":\"https:\/\/minax.com.br\/site\/gestao-rural\/\",\"url\":\"https:\/\/minax.com.br\/site\/gestao-rural\/\",\"name\":\"Gest\u00e3o rural: descubra como unir tecnologia e sustentabilidade - Minax - Constru\u00e7\u00f5es e Minera\u00e7\u00e3o\",\"isPartOf\":{\"@id\":\"https:\/\/minax.com.br\/site\/#website\"},\"primaryImageOfPage\":{\"@id\":\"https:\/\/minax.com.br\/site\/gestao-rural\/#primaryimage\"},\"image\":{\"@id\":\"https:\/\/minax.com.br\/site\/gestao-rural\/#primaryimage\"},\"thumbnailUrl\":\"https:\/\/minax.com.br\/site\/wp-content\/uploads\/2025\/08\/gestao-rural.jpg\",\"datePublished\":\"2025-09-04T11:00:00+00:00\",\"description\":\"Transforme sua gest\u00e3o rural com tecnologia e sustentabilidade. Aprenda boas pr\u00e1ticas e acesse mais conte\u00fados no site da Minax!\",\"breadcrumb\":{\"@id\":\"https:\/\/minax.com.br\/site\/gestao-rural\/#breadcrumb\"},\"inLanguage\":\"pt-BR\",\"potentialAction\":[{\"@type\":\"ReadAction\",\"target\":[\"https:\/\/minax.com.br\/site\/gestao-rural\/\"]}]},{\"@type\":\"ImageObject\",\"inLanguage\":\"pt-BR\",\"@id\":\"https:\/\/minax.com.br\/site\/gestao-rural\/#primaryimage\",\"url\":\"https:\/\/minax.com.br\/site\/wp-content\/uploads\/2025\/08\/gestao-rural.jpg\",\"contentUrl\":\"https:\/\/minax.com.br\/site\/wp-content\/uploads\/2025\/08\/gestao-rural.jpg\",\"width\":512,\"height\":341,\"caption\":\"Homem com cabelos grisalhos ajoelhado observando a paisagem\"},{\"@type\":\"BreadcrumbList\",\"@id\":\"https:\/\/minax.com.br\/site\/gestao-rural\/#breadcrumb\",\"itemListElement\":[{\"@type\":\"ListItem\",\"position\":1,\"name\":\"In\u00edcio\",\"item\":\"https:\/\/minax.com.br\/site\/\"},{\"@type\":\"ListItem\",\"position\":2,\"name\":\"Gest\u00e3o rural: descubra como unir tecnologia e sustentabilidade\"}]},{\"@type\":\"WebSite\",\"@id\":\"https:\/\/minax.com.br\/site\/#website\",\"url\":\"https:\/\/minax.com.br\/site\/\",\"name\":\"Minax - Constru\u00e7\u00f5es e Minera\u00e7\u00e3o\",\"description\":\"Loca\u00e7\u00e3o de M\u00e1quina Pesada, Loca\u00e7\u00e3o de Escavadeira, Loca\u00e7\u00e3o de Caminh\u00e3o Articulado, Loca\u00e7\u00e3o de Caminh\u00e3o 8x4, Loca\u00e7\u00e3o de Trator de Esteira, Loca\u00e7\u00e3o de Motoniveladora\",\"publisher\":{\"@id\":\"https:\/\/minax.com.br\/site\/#organization\"},\"alternateName\":\"Minax\",\"potentialAction\":[{\"@type\":\"SearchAction\",\"target\":{\"@type\":\"EntryPoint\",\"urlTemplate\":\"https:\/\/minax.com.br\/site\/?s={search_term_string}\"},\"query-input\":{\"@type\":\"PropertyValueSpecification\",\"valueRequired\":true,\"valueName\":\"search_term_string\"}}],\"inLanguage\":\"pt-BR\"},{\"@type\":\"Organization\",\"@id\":\"https:\/\/minax.com.br\/site\/#organization\",\"name\":\"Minax - Constru\u00e7\u00f5es e Minera\u00e7\u00e3o\",\"alternateName\":\"Minax\",\"url\":\"https:\/\/minax.com.br\/site\/\",\"logo\":{\"@type\":\"ImageObject\",\"inLanguage\":\"pt-BR\",\"@id\":\"https:\/\/minax.com.br\/site\/#\/schema\/logo\/image\/\",\"url\":\"https:\/\/minax.com.br\/site\/wp-content\/uploads\/2024\/02\/LOGO_MINAX.png\",\"contentUrl\":\"https:\/\/minax.com.br\/site\/wp-content\/uploads\/2024\/02\/LOGO_MINAX.png\",\"width\":313,\"height\":79,\"caption\":\"Minax - Constru\u00e7\u00f5es e Minera\u00e7\u00e3o\"},\"image\":{\"@id\":\"https:\/\/minax.com.br\/site\/#\/schema\/logo\/image\/\"},\"sameAs\":[\"https:\/\/www.facebook.com\/minax.tcm\/\",\"https:\/\/www.instagram.com\/minax.tcm\",\"https:\/\/www.linkedin.com\/company\/minax-transportes-construcoes-pesadas-e-mineracao\"]},{\"@type\":\"Person\",\"@id\":\"https:\/\/minax.com.br\/site\/#\/schema\/person\/671a22ccc4ba3798cd154b42912d761a\",\"name\":\"Minax\",\"image\":{\"@type\":\"ImageObject\",\"inLanguage\":\"pt-BR\",\"@id\":\"https:\/\/minax.com.br\/site\/#\/schema\/person\/image\/\",\"url\":\"https:\/\/secure.gravatar.com\/avatar\/f4cbb0e39af3ab6388bc7719cd3e5f977562da6c6073e579f6e981c3c833cfdf?s=96&d=mm&r=g\",\"contentUrl\":\"https:\/\/secure.gravatar.com\/avatar\/f4cbb0e39af3ab6388bc7719cd3e5f977562da6c6073e579f6e981c3c833cfdf?s=96&d=mm&r=g\",\"caption\":\"Minax\"},\"url\":\"https:\/\/minax.com.br\/site\/author\/editor\/\"}]}<\/script>\n<!-- \/ Yoast SEO plugin. -->","yoast_head_json":{"title":"Gest\u00e3o rural: descubra como unir tecnologia e sustentabilidade - Minax - Constru\u00e7\u00f5es e Minera\u00e7\u00e3o","description":"Transforme sua gest\u00e3o rural com tecnologia e sustentabilidade. Aprenda boas pr\u00e1ticas e acesse mais conte\u00fados no site da Minax!","robots":{"index":"index","follow":"follow","max-snippet":"max-snippet:-1","max-image-preview":"max-image-preview:large","max-video-preview":"max-video-preview:-1"},"canonical":"https:\/\/minax.com.br\/site\/gestao-rural\/","og_locale":"pt_BR","og_type":"article","og_title":"Gest\u00e3o rural: descubra como unir tecnologia e sustentabilidade - Minax - Constru\u00e7\u00f5es e Minera\u00e7\u00e3o","og_description":"Transforme sua gest\u00e3o rural com tecnologia e sustentabilidade. Aprenda boas pr\u00e1ticas e acesse mais conte\u00fados no site da Minax!","og_url":"https:\/\/minax.com.br\/site\/gestao-rural\/","og_site_name":"Minax - Constru\u00e7\u00f5es e Minera\u00e7\u00e3o","article_publisher":"https:\/\/www.facebook.com\/minax.tcm\/","article_published_time":"2025-09-04T11:00:00+00:00","og_image":[{"width":512,"height":341,"url":"https:\/\/minax.com.br\/site\/wp-content\/uploads\/2025\/08\/gestao-rural.jpg","type":"image\/jpeg"}],"author":"Minax","twitter_card":"summary_large_image","twitter_misc":{"Escrito por":"Minax","Est. tempo de leitura":"10 minutos"},"schema":{"@context":"https:\/\/schema.org","@graph":[{"@type":"Article","@id":"https:\/\/minax.com.br\/site\/gestao-rural\/#article","isPartOf":{"@id":"https:\/\/minax.com.br\/site\/gestao-rural\/"},"author":{"name":"Minax","@id":"https:\/\/minax.com.br\/site\/#\/schema\/person\/671a22ccc4ba3798cd154b42912d761a"},"headline":"Gest\u00e3o rural: descubra como unir tecnologia e sustentabilidade","datePublished":"2025-09-04T11:00:00+00:00","mainEntityOfPage":{"@id":"https:\/\/minax.com.br\/site\/gestao-rural\/"},"wordCount":1853,"publisher":{"@id":"https:\/\/minax.com.br\/site\/#organization"},"image":{"@id":"https:\/\/minax.com.br\/site\/gestao-rural\/#primaryimage"},"thumbnailUrl":"https:\/\/minax.com.br\/site\/wp-content\/uploads\/2025\/08\/gestao-rural.jpg","articleSection":["Blog"],"inLanguage":"pt-BR"},{"@type":"WebPage","@id":"https:\/\/minax.com.br\/site\/gestao-rural\/","url":"https:\/\/minax.com.br\/site\/gestao-rural\/","name":"Gest\u00e3o rural: descubra como unir tecnologia e sustentabilidade - Minax - Constru\u00e7\u00f5es e Minera\u00e7\u00e3o","isPartOf":{"@id":"https:\/\/minax.com.br\/site\/#website"},"primaryImageOfPage":{"@id":"https:\/\/minax.com.br\/site\/gestao-rural\/#primaryimage"},"image":{"@id":"https:\/\/minax.com.br\/site\/gestao-rural\/#primaryimage"},"thumbnailUrl":"https:\/\/minax.com.br\/site\/wp-content\/uploads\/2025\/08\/gestao-rural.jpg","datePublished":"2025-09-04T11:00:00+00:00","description":"Transforme sua gest\u00e3o rural com tecnologia e sustentabilidade. Aprenda boas pr\u00e1ticas e acesse mais conte\u00fados no site da Minax!","breadcrumb":{"@id":"https:\/\/minax.com.br\/site\/gestao-rural\/#breadcrumb"},"inLanguage":"pt-BR","potentialAction":[{"@type":"ReadAction","target":["https:\/\/minax.com.br\/site\/gestao-rural\/"]}]},{"@type":"ImageObject","inLanguage":"pt-BR","@id":"https:\/\/minax.com.br\/site\/gestao-rural\/#primaryimage","url":"https:\/\/minax.com.br\/site\/wp-content\/uploads\/2025\/08\/gestao-rural.jpg","contentUrl":"https:\/\/minax.com.br\/site\/wp-content\/uploads\/2025\/08\/gestao-rural.jpg","width":512,"height":341,"caption":"Homem com cabelos grisalhos ajoelhado observando a paisagem"},{"@type":"BreadcrumbList","@id":"https:\/\/minax.com.br\/site\/gestao-rural\/#breadcrumb","itemListElement":[{"@type":"ListItem","position":1,"name":"In\u00edcio","item":"https:\/\/minax.com.br\/site\/"},{"@type":"ListItem","position":2,"name":"Gest\u00e3o rural: descubra como unir tecnologia e sustentabilidade"}]},{"@type":"WebSite","@id":"https:\/\/minax.com.br\/site\/#website","url":"https:\/\/minax.com.br\/site\/","name":"Minax - Constru\u00e7\u00f5es e Minera\u00e7\u00e3o","description":"Loca\u00e7\u00e3o de M\u00e1quina Pesada, Loca\u00e7\u00e3o de Escavadeira, Loca\u00e7\u00e3o de Caminh\u00e3o Articulado, Loca\u00e7\u00e3o de Caminh\u00e3o 8x4, Loca\u00e7\u00e3o de Trator de Esteira, Loca\u00e7\u00e3o de Motoniveladora","publisher":{"@id":"https:\/\/minax.com.br\/site\/#organization"},"alternateName":"Minax","potentialAction":[{"@type":"SearchAction","target":{"@type":"EntryPoint","urlTemplate":"https:\/\/minax.com.br\/site\/?s={search_term_string}"},"query-input":{"@type":"PropertyValueSpecification","valueRequired":true,"valueName":"search_term_string"}}],"inLanguage":"pt-BR"},{"@type":"Organization","@id":"https:\/\/minax.com.br\/site\/#organization","name":"Minax - Constru\u00e7\u00f5es e Minera\u00e7\u00e3o","alternateName":"Minax","url":"https:\/\/minax.com.br\/site\/","logo":{"@type":"ImageObject","inLanguage":"pt-BR","@id":"https:\/\/minax.com.br\/site\/#\/schema\/logo\/image\/","url":"https:\/\/minax.com.br\/site\/wp-content\/uploads\/2024\/02\/LOGO_MINAX.png","contentUrl":"https:\/\/minax.com.br\/site\/wp-content\/uploads\/2024\/02\/LOGO_MINAX.png","width":313,"height":79,"caption":"Minax - Constru\u00e7\u00f5es e Minera\u00e7\u00e3o"},"image":{"@id":"https:\/\/minax.com.br\/site\/#\/schema\/logo\/image\/"},"sameAs":["https:\/\/www.facebook.com\/minax.tcm\/","https:\/\/www.instagram.com\/minax.tcm","https:\/\/www.linkedin.com\/company\/minax-transportes-construcoes-pesadas-e-mineracao"]},{"@type":"Person","@id":"https:\/\/minax.com.br\/site\/#\/schema\/person\/671a22ccc4ba3798cd154b42912d761a","name":"Minax","image":{"@type":"ImageObject","inLanguage":"pt-BR","@id":"https:\/\/minax.com.br\/site\/#\/schema\/person\/image\/","url":"https:\/\/secure.gravatar.com\/avatar\/f4cbb0e39af3ab6388bc7719cd3e5f977562da6c6073e579f6e981c3c833cfdf?s=96&d=mm&r=g","contentUrl":"https:\/\/secure.gravatar.com\/avatar\/f4cbb0e39af3ab6388bc7719cd3e5f977562da6c6073e579f6e981c3c833cfdf?s=96&d=mm&r=g","caption":"Minax"},"url":"https:\/\/minax.com.br\/site\/author\/editor\/"}]}},"_links":{"self":[{"href":"https:\/\/minax.com.br\/site\/wp-json\/wp\/v2\/posts\/1782","targetHints":{"allow":["GET"]}}],"collection":[{"href":"https:\/\/minax.com.br\/site\/wp-json\/wp\/v2\/posts"}],"about":[{"href":"https:\/\/minax.com.br\/site\/wp-json\/wp\/v2\/types\/post"}],"author":[{"embeddable":true,"href":"https:\/\/minax.com.br\/site\/wp-json\/wp\/v2\/users\/3"}],"replies":[{"embeddable":true,"href":"https:\/\/minax.com.br\/site\/wp-json\/wp\/v2\/comments?post=1782"}],"version-history":[{"count":1,"href":"https:\/\/minax.com.br\/site\/wp-json\/wp\/v2\/posts\/1782\/revisions"}],"predecessor-version":[{"id":1784,"href":"https:\/\/minax.com.br\/site\/wp-json\/wp\/v2\/posts\/1782\/revisions\/1784"}],"wp:featuredmedia":[{"embeddable":true,"href":"https:\/\/minax.com.br\/site\/wp-json\/wp\/v2\/media\/1783"}],"wp:attachment":[{"href":"https:\/\/minax.com.br\/site\/wp-json\/wp\/v2\/media?parent=1782"}],"wp:term":[{"taxonomy":"category","embeddable":true,"href":"https:\/\/minax.com.br\/site\/wp-json\/wp\/v2\/categories?post=1782"},{"taxonomy":"post_tag","embeddable":true,"href":"https:\/\/minax.com.br\/site\/wp-json\/wp\/v2\/tags?post=1782"}],"curies":[{"name":"wp","href":"https:\/\/api.w.org\/{rel}","templated":true}]}}