{"id":1806,"date":"2025-09-18T08:00:00","date_gmt":"2025-09-18T11:00:00","guid":{"rendered":"https:\/\/minax.com.br\/site\/?p=1806"},"modified":"2025-09-03T11:19:56","modified_gmt":"2025-09-03T14:19:56","slug":"fenacampo-2025","status":"publish","type":"post","link":"https:\/\/minax.com.br\/site\/fenacampo-2025\/","title":{"rendered":"Fenacampo 2025: tudo sobre a feira que conecta inova\u00e7\u00e3o e tradi\u00e7\u00e3o no agroneg\u00f3cio"},"content":{"rendered":"\n<p>Em agosto, o Alto Parana\u00edba, em Minas Gerais, recebe um dos eventos mais vibrantes do agroneg\u00f3cio: <strong>a Fenacampo 2025.&nbsp;<\/strong><\/p>\n\n\n\n<p>Programada para o per\u00edodo entre 27 e 29 de agosto, no Parque de Exposi\u00e7\u00f5es de S\u00e3o Gotardo (MG), a feira chega \u00e0 sua 12\u00aa edi\u00e7\u00e3o com o tema inspirador \u201cRa\u00edzes da Inova\u00e7\u00e3o\u201d, refor\u00e7ando sua voca\u00e7\u00e3o de integrar legado e futuro no campo.<\/p>\n\n\n\n<p>Quem comparece encontra muito mais que uma exposi\u00e7\u00e3o: encontra um terreno f\u00e9rtil para descobertas tecnol\u00f3gicas, neg\u00f3cios e conex\u00f5es com quem entende, vive e molda o agroneg\u00f3cio brasileiro.<\/p>\n\n\n\n<p>Se voc\u00ea quer saber quando e onde ser\u00e1 a edi\u00e7\u00e3o de 2025, o que esperar da programa\u00e7\u00e3o da Fenacampo e quais tend\u00eancias estar\u00e3o em destaque, este artigo traz tudo que voc\u00ea precisa saber!<\/p>\n\n\n\n<h2 class=\"wp-block-heading\">O que \u00e9 a Fenacampo e qual sua import\u00e2ncia para o agroneg\u00f3cio brasileiro?<\/h2>\n\n\n\n<p>A Fenacampo nasceu com o objetivo de fortalecer a agricultura regional, mas rapidamente ultrapassou fronteiras. Hoje, atrai visitantes de diversos estados e at\u00e9 de fora do pa\u00eds.<\/p>\n\n\n\n<p>Sua relev\u00e2ncia est\u00e1 no fato de unir dois pilares fundamentais do agro contempor\u00e2neo: a preserva\u00e7\u00e3o da tradi\u00e7\u00e3o agr\u00edcola e a abertura para a inova\u00e7\u00e3o tecnol\u00f3gica.&nbsp;<\/p>\n\n\n\n<p>Assim, enquanto produtores locais encontram espa\u00e7o para valorizar sua cultura e seus produtos, startups, universidades e grandes empresas apresentam solu\u00e7\u00f5es que apontam para o futuro do campo.<\/p>\n\n\n\n<p>Outro ponto que explica sua import\u00e2ncia \u00e9 a diversidade de p\u00fablicos que a feira atrai. Al\u00e9m de agricultores, o evento recebe estudantes, investidores, representantes de cooperativas e profissionais de diferentes elos da cadeia produtiva.&nbsp;<\/p>\n\n\n\n<p>Essa mistura transforma a Fenacampo em um espa\u00e7o plural, em que troca de experi\u00eancias e networking acontecem de forma natural. N\u00e3o \u00e0 toa, a edi\u00e7\u00e3o dedica um espa\u00e7o especial \u00e0s mulheres que fazem o agro progredir no pa\u00eds.<\/p>\n\n\n\n<p>Com isso, a feira se fortalece como uma vitrine estrat\u00e9gica para neg\u00f3cios, dissemina\u00e7\u00e3o de conhecimento e fortalecimento de redes de coopera\u00e7\u00e3o.<\/p>\n\n\n\n<h2 class=\"wp-block-heading\">Quando ser\u00e1 a Fenacampo 2025 e onde o evento vai acontecer?<\/h2>\n\n\n\n<p>A <strong>12\u00aa Fenacampo<\/strong> ocorre dos dias <strong>27 a 29 de agosto de 2025<\/strong>, no <strong>Parque de Exposi\u00e7\u00f5es de S\u00e3o Gotardo (MG)<\/strong>. A escolha n\u00e3o \u00e9 por acaso: a cidade, localizada no noroeste mineiro, tem infraestrutura, hospitalidade t\u00edpica do interior mineiro e localiza\u00e7\u00e3o central para produtores do Alto Parana\u00edba.<\/p>\n\n\n\n<p>S\u00e3o Gotardo \u00e9 reconhecida pela forte produ\u00e7\u00e3o agr\u00edcola e possui hot\u00e9is, restaurantes e centros de conven\u00e7\u00f5es preparados para acomodar milhares de visitantes, sem perder o acolhimento mineiro que torna a experi\u00eancia ainda mais marcante.<\/p>\n\n\n\n<p>Al\u00e9m de ser refer\u00eancia nacional em hortifruticultura e caf\u00e9, o munic\u00edpio tamb\u00e9m se destaca pela organiza\u00e7\u00e3o de cooperativas e pelo investimento em tecnologia no campo. A cidade tornou-se um verdadeiro polo de inova\u00e7\u00e3o agr\u00edcola, atraindo pesquisadores, investidores e empresas do setor.&nbsp;<\/p>\n\n\n\n<p>Portanto, receber a Fenacampo significa colocar em evid\u00eancia um <strong>territ\u00f3rio que j\u00e1 \u00e9 protagonista no cen\u00e1rio agro<\/strong> e que agora refor\u00e7a ainda mais seu papel como vitrine de boas pr\u00e1ticas e de oportunidades de neg\u00f3cios para todo o Brasil.<\/p>\n\n\n\n<h2 class=\"wp-block-heading\">Qual \u00e9 o tema da Fenacampo 2025 e o que ele representa para o setor?<\/h2>\n\n\n\n<p>O tema <strong>\u201cRa\u00edzes da Inova\u00e7\u00e3o\u201d<\/strong> traduz como a feira pretende valorizar tradi\u00e7\u00f5es do campo ao mesmo tempo em que estimula novas tecnologias e pr\u00e1ticas inovadoras. A proposta une dois pilares: a heran\u00e7a cultural da agricultura e o futuro baseado em ci\u00eancia e tecnologia.<\/p>\n\n\n\n<p>Na pr\u00e1tica, isso significa que a Fenacampo 2025 ter\u00e1 debates e experi\u00eancias voltadas para a discuss\u00e3o dos seguintes temas:<\/p>\n\n\n\n<ul class=\"wp-block-list\">\n<li>tecnologias digitais aplicadas ao <a href=\"https:\/\/minax.com.br\/site\/agronegocio\/\">agroneg\u00f3cio<\/a>;<\/li>\n\n\n\n<li>sustentabilidade e redu\u00e7\u00e3o do <a href=\"https:\/\/minax.com.br\/site\/responsabilidade-ambiental\/\">impacto ambiental<\/a> negativo;<\/li>\n\n\n\n<li>pr\u00e1ticas de rastreabilidade e certifica\u00e7\u00e3o de alimentos;<\/li>\n\n\n\n<li><a href=\"https:\/\/minax.com.br\/site\/agricultura-regenerativa\/\">modelos de neg\u00f3cios inovadores<\/a> no agro.<\/li>\n<\/ul>\n\n\n\n<p>O conceito de &#8220;Ra\u00edzes da Inova\u00e7\u00e3o&#8221; tamb\u00e9m refor\u00e7a a ideia de que \u00e9 poss\u00edvel olhar para frente sem abrir m\u00e3o da identidade que fez do Brasil uma pot\u00eancia agr\u00edcola.&nbsp;<\/p>\n\n\n\n<p>Ao mesmo tempo em que m\u00e1quinas aut\u00f4nomas e softwares de gest\u00e3o ganham espa\u00e7o, continuam sendo valorizados o saber do produtor, o manejo consciente do solo e a cultura local que diferencia cada regi\u00e3o. Essa integra\u00e7\u00e3o entre tradi\u00e7\u00e3o e tecnologia \u00e9 o que torna o tema t\u00e3o atual e relevante para o setor.<\/p>\n\n\n\n<p>Esse direcionamento coloca a feira alinhada \u00e0s grandes discuss\u00f5es globais, mas com um olhar atento para os desafios e oportunidades espec\u00edficas do Brasil.<\/p>\n\n\n\n<h2 class=\"wp-block-heading\">Quais s\u00e3o os principais destaques da programa\u00e7\u00e3o da Fenacampo 2025?<\/h2>\n\n\n\n<p><strong>A programa\u00e7\u00e3o oficial j\u00e1 foi divulgada<\/strong> e est\u00e1 repleta de atra\u00e7\u00f5es que equilibram <a href=\"https:\/\/minax.com.br\/site\/rotacao-de-culturas\/\">t\u00e9cnica<\/a>, inova\u00e7\u00e3o e cultura. Confira um resumo dos tr\u00eas dias de evento:<\/p>\n\n\n\n<ul class=\"wp-block-list\">\n<li><strong>27 de agosto (quarta\u2011feira)<\/strong> \u2014 abertura oficial da feira, com autoridades locais e nacionais, al\u00e9m de palestras inaugurais que apresentam o tema do evento e seus objetivos;<br><\/li>\n\n\n\n<li><strong>28 de agosto (quinta\u2011feira)<\/strong> \u2014 destaque para o semin\u00e1rio <strong>\u201cHortifruti em Foco\u201d<\/strong>, o painel <strong>\u201cOlhar Feminino no Agro\u201d<\/strong> sobre intelig\u00eancia emocional, o painel <strong>\u201cProdu\u00e7\u00e3o em Transforma\u00e7\u00e3o\u201d<\/strong> sobre mudan\u00e7as clim\u00e1ticas, al\u00e9m de debates sobre tend\u00eancias de mercado e certifica\u00e7\u00f5es com foco em rastreabilidade;<br><\/li>\n\n\n\n<li><strong>29 de agosto (sexta\u2011feira)<\/strong> \u2014 espa\u00e7o para a juventude, com o painel <strong>\u201cJovens no Agro\u201d<\/strong> e participa\u00e7\u00e3o de startups como a Predativa, que trar\u00e3o novas vis\u00f5es e propostas para o futuro da <a href=\"https:\/\/minax.com.br\/site\/agricultura-brasileira-em-foco-confira-o-panorama-atual\">agricultura nacional<\/a> e internacional.<br><\/li>\n<\/ul>\n\n\n\n<p>Al\u00e9m desses eventos tem\u00e1ticos, a programa\u00e7\u00e3o conta com rodadas de neg\u00f3cios, estandes de empresas e startups, al\u00e9m de demonstra\u00e7\u00f5es de m\u00e1quinas e tecnologias em funcionamento.<\/p>\n\n\n\n<h2 class=\"wp-block-heading\">Como a Fenacampo valoriza a inova\u00e7\u00e3o e o protagonismo feminino no agro?<\/h2>\n\n\n\n<p>Um dos diferenciais da feira \u00e9 reconhecer que o agroneg\u00f3cio moderno vai muito al\u00e9m da tecnologia: ele tamb\u00e9m passa por mudan\u00e7as sociais e culturais.<\/p>\n\n\n\n<p>Em 2025, o painel <strong>\u201cOlhar Feminino no Agro\u201d<\/strong> refor\u00e7a o protagonismo das mulheres no setor, trazendo discuss\u00f5es sobre lideran\u00e7a, intelig\u00eancia emocional e desafios enfrentados por gestoras, produtoras e empreendedoras do campo.<\/p>\n\n\n\n<p>Do lado da inova\u00e7\u00e3o, <strong>a Fenacampo tamb\u00e9m dar\u00e1 espa\u00e7o \u00e0s agtechs brasileiras<\/strong>, startups que v\u00eam transformando o agro com solu\u00e7\u00f5es digitais. Muitas delas apresentar\u00e3o ferramentas de rastreabilidade, automa\u00e7\u00e3o e an\u00e1lise de dados que impactam positivamente a produ\u00e7\u00e3o e a comercializa\u00e7\u00e3o.<\/p>\n\n\n\n<p>Outro ponto forte ser\u00e1 a presen\u00e7a de hubs de inova\u00e7\u00e3o e aceleradoras, que mostrar\u00e3o projetos desenvolvidos em parceria com produtores locais. Essa aproxima\u00e7\u00e3o entre tecnologia e pr\u00e1tica real \u00e9 uma das marcas da feira.<\/p>\n\n\n\n<h2 class=\"wp-block-heading\">Como participar da Fenacampo 2025 e aproveitar as oportunidades de neg\u00f3cios?<\/h2>\n\n\n\n<p>A entrada na feira \u00e9 gratuita, mas exige inscri\u00e7\u00e3o pr\u00e9via pelo site oficial da Fenacampo. O cadastro garante acesso \u00e0s palestras, pain\u00e9is e demonstra\u00e7\u00f5es de campo.<\/p>\n\n\n\n<p>Para aproveitar melhor o evento, algumas dicas fazem diferen\u00e7a:<\/p>\n\n\n\n<ul class=\"wp-block-list\">\n<li>planeje sua visita com anteced\u00eancia, priorizando os pain\u00e9is mais relevantes para o seu neg\u00f3cio;<br><\/li>\n\n\n\n<li>participe das rodadas de neg\u00f3cios para expandir sua rede de contatos;<br><\/li>\n\n\n\n<li>visite os estandes de startups e universidades, onde surgem solu\u00e7\u00f5es inovadoras que podem ser diferenciais competitivos;<br><\/li>\n\n\n\n<li>acompanhe os semin\u00e1rios t\u00e9cnicos para se atualizar sobre tend\u00eancias de mercado e pr\u00e1ticas sustent\u00e1veis;<br><\/li>\n\n\n\n<li>aproveite os espa\u00e7os de conviv\u00eancia para conversar com outros produtores e compartilhar experi\u00eancias.<\/li>\n<\/ul>\n\n\n\n<h2 class=\"wp-block-heading\">Por que a Fenacampo \u00e9 um marco nos eventos agro 2025?<\/h2>\n\n\n\n<p>Entre os <strong>eventos agro 2025<\/strong>, a Fenacampo se destaca por equilibrar tradi\u00e7\u00e3o e inova\u00e7\u00e3o. Enquanto outros encontros priorizam apenas a exposi\u00e7\u00e3o de m\u00e1quinas ou <a href=\"https:\/\/minax.com.br\/site\/movimentacao-de-terra\/\">discuss\u00f5es t\u00e9cnicas<\/a>, a feira mineira cria uma experi\u00eancia completa, que envolve conhecimento, neg\u00f3cios, cultura e networking.<\/p>\n\n\n\n<p>Mais do que uma vitrine, a Fenacampo \u00e9 uma oportunidade de <strong>conex\u00e3o entre diferentes atores do agroneg\u00f3cio<\/strong>, fomentando colabora\u00e7\u00f5es que podem se transformar em novos projetos e parcerias de longo prazo.<\/p>\n\n\n\n<p>Isso tamb\u00e9m significa que a Fenacampo \u00e9 um evento democr\u00e1tico: tanto pequenos agricultores quanto grandes produtores encontram oportunidades para aprender, se inspirar e gerar neg\u00f3cios.<\/p>\n\n\n\n<p>Outro fator que refor\u00e7a sua import\u00e2ncia \u00e9 a diversidade tem\u00e1tica. Enquanto muitos eventos agr\u00edcolas no Brasil s\u00e3o especializados em apenas um setor, a Fenacampo abra\u00e7a desde o hortifruti at\u00e9 a pecu\u00e1ria, passando por tecnologia digital e sustentabilidade. Isso amplia seu alcance e atrai p\u00fablicos distintos.<\/p>\n\n\n\n<p>Assim, quem participa n\u00e3o apenas <strong>acompanha o que h\u00e1 de mais atual nos eventos agr\u00edcolas no Brasil<\/strong>, mas tamb\u00e9m se insere em um ecossistema que olha para o futuro do agro com criatividade, sustentabilidade e tecnologia.<\/p>\n\n\n\n<h3 class=\"wp-block-heading\">O futuro do agroneg\u00f3cio e o papel da Fenacampo<\/h3>\n\n\n\n<p>O agroneg\u00f3cio brasileiro passa por uma fase de transforma\u00e7\u00f5es profundas. A busca por maior efici\u00eancia, o impacto das mudan\u00e7as clim\u00e1ticas e as exig\u00eancias dos consumidores por alimentos rastre\u00e1veis e sustent\u00e1veis moldam o presente e o futuro do setor.<\/p>\n\n\n\n<p>Nesse cen\u00e1rio, feiras como a Fenacampo t\u00eam papel central: funcionam como pontes entre produtores e solu\u00e7\u00f5es que ainda est\u00e3o em fase de desenvolvimento. Elas permitem que tecnologias que antes estavam restritas a laborat\u00f3rios cheguem rapidamente ao campo, encurtando a dist\u00e2ncia entre teoria e pr\u00e1tica.<\/p>\n\n\n\n<p>Al\u00e9m disso, a Fenacampo refor\u00e7a a import\u00e2ncia do planejamento agr\u00edcola, da gest\u00e3o eficiente de recursos e da capacita\u00e7\u00e3o cont\u00ednua de produtores e trabalhadores rurais. Esses elementos s\u00e3o indispens\u00e1veis para garantir a competitividade do Brasil em um mercado global cada vez mais exigente.<\/p>\n\n\n\n<p><strong>A Fenacampo 2025 n\u00e3o \u00e9 uma simples feira<\/strong>: \u00e9 um espa\u00e7o onde tradi\u00e7\u00e3o e inova\u00e7\u00e3o caminham lado a lado, mostrando que o futuro do agroneg\u00f3cio brasileiro ser\u00e1 constru\u00eddo com base em tecnologia, sustentabilidade e colabora\u00e7\u00e3o.<\/p>\n\n\n\n<p>Nesse sentido, participar da Fenacampo 2025 \u00e9 investir em conhecimento, em networking e em novas oportunidades de neg\u00f3cios. \u00c9 olhar para o futuro do agro com a confian\u00e7a de quem sabe que tradi\u00e7\u00e3o e inova\u00e7\u00e3o, juntas, s\u00e3o a f\u00f3rmula para o crescimento sustent\u00e1vel.<\/p>\n\n\n\n<p>Para conferir mais artigos como este, e outras novidades do mundo agro, siga as nossas redes sociais: estamos no <a href=\"https:\/\/web.facebook.com\/minax.tcm\/?_rdc=1&amp;_rdr#\">Facebook<\/a>, no <a href=\"https:\/\/www.instagram.com\/minax.tcm\">Instagram<\/a>, no <a href=\"https:\/\/www.linkedin.com\/company\/minax-transportes-construcoes-pesadas-e-mineracao\/\">LinkedIn<\/a> e no <a href=\"https:\/\/www.youtube.com\/@MINAX-CM\">YouTube<\/a>!<\/p>\n","protected":false},"excerpt":{"rendered":"<p>Em agosto, o Alto Parana\u00edba, em Minas Gerais, recebe um dos eventos mais vibrantes do agroneg\u00f3cio: a Fenacampo 2025.&nbsp; Programada para o per\u00edodo entre 27 e 29 de agosto, no Parque de Exposi\u00e7\u00f5es de S\u00e3o Gotardo (MG), a feira chega \u00e0 sua 12\u00aa edi\u00e7\u00e3o com o tema inspirador \u201cRa\u00edzes da Inova\u00e7\u00e3o\u201d, refor\u00e7ando sua voca\u00e7\u00e3o de [&hellip;]<\/p>\n","protected":false},"author":3,"featured_media":1807,"comment_status":"closed","ping_status":"closed","sticky":false,"template":"","format":"standard","meta":{"footnotes":""},"categories":[11],"tags":[],"class_list":["post-1806","post","type-post","status-publish","format-standard","has-post-thumbnail","hentry","category-blog"],"yoast_head":"<!-- This site is optimized with the Yoast SEO plugin v25.7 - https:\/\/yoast.com\/wordpress\/plugins\/seo\/ -->\n<title>Fenacampo 2025: tudo sobre a feira que conecta inova\u00e7\u00e3o e tradi\u00e7\u00e3o no agroneg\u00f3cio - Minax - Constru\u00e7\u00f5es e Minera\u00e7\u00e3o<\/title>\n<meta name=\"description\" content=\"A Fenacampo 2025 acontece em agosto, em S\u00e3o Gotardo (MG). Saiba o que esperar da feira que une tradi\u00e7\u00e3o e oportunidades de neg\u00f3cios no mundo agro.\" \/>\n<meta name=\"robots\" content=\"index, follow, max-snippet:-1, max-image-preview:large, max-video-preview:-1\" \/>\n<link rel=\"canonical\" href=\"https:\/\/minax.com.br\/site\/fenacampo-2025\/\" \/>\n<meta property=\"og:locale\" content=\"pt_BR\" \/>\n<meta property=\"og:type\" content=\"article\" \/>\n<meta property=\"og:title\" content=\"Fenacampo 2025: tudo sobre a feira que conecta inova\u00e7\u00e3o e tradi\u00e7\u00e3o no agroneg\u00f3cio - Minax - Constru\u00e7\u00f5es e Minera\u00e7\u00e3o\" \/>\n<meta property=\"og:description\" content=\"A Fenacampo 2025 acontece em agosto, em S\u00e3o Gotardo (MG). Saiba o que esperar da feira que une tradi\u00e7\u00e3o e oportunidades de neg\u00f3cios no mundo agro.\" \/>\n<meta property=\"og:url\" content=\"https:\/\/minax.com.br\/site\/fenacampo-2025\/\" \/>\n<meta property=\"og:site_name\" content=\"Minax - Constru\u00e7\u00f5es e Minera\u00e7\u00e3o\" \/>\n<meta property=\"article:publisher\" content=\"https:\/\/www.facebook.com\/minax.tcm\/\" \/>\n<meta property=\"article:published_time\" content=\"2025-09-18T11:00:00+00:00\" \/>\n<meta property=\"og:image\" content=\"https:\/\/minax.com.br\/site\/wp-content\/uploads\/2025\/09\/fenacampo-2025.jpg\" \/>\n\t<meta property=\"og:image:width\" content=\"512\" \/>\n\t<meta property=\"og:image:height\" content=\"341\" \/>\n\t<meta property=\"og:image:type\" content=\"image\/jpeg\" \/>\n<meta name=\"author\" content=\"Minax\" \/>\n<meta name=\"twitter:card\" content=\"summary_large_image\" \/>\n<meta name=\"twitter:label1\" content=\"Escrito por\" \/>\n\t<meta name=\"twitter:data1\" content=\"Minax\" \/>\n\t<meta name=\"twitter:label2\" content=\"Est. tempo de leitura\" \/>\n\t<meta name=\"twitter:data2\" content=\"9 minutos\" \/>\n<script type=\"application\/ld+json\" class=\"yoast-schema-graph\">{\"@context\":\"https:\/\/schema.org\",\"@graph\":[{\"@type\":\"Article\",\"@id\":\"https:\/\/minax.com.br\/site\/fenacampo-2025\/#article\",\"isPartOf\":{\"@id\":\"https:\/\/minax.com.br\/site\/fenacampo-2025\/\"},\"author\":{\"name\":\"Minax\",\"@id\":\"https:\/\/minax.com.br\/site\/#\/schema\/person\/671a22ccc4ba3798cd154b42912d761a\"},\"headline\":\"Fenacampo 2025: tudo sobre a feira que conecta inova\u00e7\u00e3o e tradi\u00e7\u00e3o no agroneg\u00f3cio\",\"datePublished\":\"2025-09-18T11:00:00+00:00\",\"mainEntityOfPage\":{\"@id\":\"https:\/\/minax.com.br\/site\/fenacampo-2025\/\"},\"wordCount\":1745,\"publisher\":{\"@id\":\"https:\/\/minax.com.br\/site\/#organization\"},\"image\":{\"@id\":\"https:\/\/minax.com.br\/site\/fenacampo-2025\/#primaryimage\"},\"thumbnailUrl\":\"https:\/\/minax.com.br\/site\/wp-content\/uploads\/2025\/09\/fenacampo-2025.jpg\",\"articleSection\":[\"Blog\"],\"inLanguage\":\"pt-BR\"},{\"@type\":\"WebPage\",\"@id\":\"https:\/\/minax.com.br\/site\/fenacampo-2025\/\",\"url\":\"https:\/\/minax.com.br\/site\/fenacampo-2025\/\",\"name\":\"Fenacampo 2025: tudo sobre a feira que conecta inova\u00e7\u00e3o e tradi\u00e7\u00e3o no agroneg\u00f3cio - Minax - Constru\u00e7\u00f5es e Minera\u00e7\u00e3o\",\"isPartOf\":{\"@id\":\"https:\/\/minax.com.br\/site\/#website\"},\"primaryImageOfPage\":{\"@id\":\"https:\/\/minax.com.br\/site\/fenacampo-2025\/#primaryimage\"},\"image\":{\"@id\":\"https:\/\/minax.com.br\/site\/fenacampo-2025\/#primaryimage\"},\"thumbnailUrl\":\"https:\/\/minax.com.br\/site\/wp-content\/uploads\/2025\/09\/fenacampo-2025.jpg\",\"datePublished\":\"2025-09-18T11:00:00+00:00\",\"description\":\"A Fenacampo 2025 acontece em agosto, em S\u00e3o Gotardo (MG). Saiba o que esperar da feira que une tradi\u00e7\u00e3o e oportunidades de neg\u00f3cios no mundo agro.\",\"breadcrumb\":{\"@id\":\"https:\/\/minax.com.br\/site\/fenacampo-2025\/#breadcrumb\"},\"inLanguage\":\"pt-BR\",\"potentialAction\":[{\"@type\":\"ReadAction\",\"target\":[\"https:\/\/minax.com.br\/site\/fenacampo-2025\/\"]}]},{\"@type\":\"ImageObject\",\"inLanguage\":\"pt-BR\",\"@id\":\"https:\/\/minax.com.br\/site\/fenacampo-2025\/#primaryimage\",\"url\":\"https:\/\/minax.com.br\/site\/wp-content\/uploads\/2025\/09\/fenacampo-2025.jpg\",\"contentUrl\":\"https:\/\/minax.com.br\/site\/wp-content\/uploads\/2025\/09\/fenacampo-2025.jpg\",\"width\":512,\"height\":341,\"caption\":\"Mulher utilizando tablete em meio a uma planta\u00e7\u00e3o\"},{\"@type\":\"BreadcrumbList\",\"@id\":\"https:\/\/minax.com.br\/site\/fenacampo-2025\/#breadcrumb\",\"itemListElement\":[{\"@type\":\"ListItem\",\"position\":1,\"name\":\"In\u00edcio\",\"item\":\"https:\/\/minax.com.br\/site\/\"},{\"@type\":\"ListItem\",\"position\":2,\"name\":\"Fenacampo 2025: tudo sobre a feira que conecta inova\u00e7\u00e3o e tradi\u00e7\u00e3o no agroneg\u00f3cio\"}]},{\"@type\":\"WebSite\",\"@id\":\"https:\/\/minax.com.br\/site\/#website\",\"url\":\"https:\/\/minax.com.br\/site\/\",\"name\":\"Minax - Constru\u00e7\u00f5es e Minera\u00e7\u00e3o\",\"description\":\"Loca\u00e7\u00e3o de M\u00e1quina Pesada, Loca\u00e7\u00e3o de Escavadeira, Loca\u00e7\u00e3o de Caminh\u00e3o Articulado, Loca\u00e7\u00e3o de Caminh\u00e3o 8x4, Loca\u00e7\u00e3o de Trator de Esteira, Loca\u00e7\u00e3o de Motoniveladora\",\"publisher\":{\"@id\":\"https:\/\/minax.com.br\/site\/#organization\"},\"alternateName\":\"Minax\",\"potentialAction\":[{\"@type\":\"SearchAction\",\"target\":{\"@type\":\"EntryPoint\",\"urlTemplate\":\"https:\/\/minax.com.br\/site\/?s={search_term_string}\"},\"query-input\":{\"@type\":\"PropertyValueSpecification\",\"valueRequired\":true,\"valueName\":\"search_term_string\"}}],\"inLanguage\":\"pt-BR\"},{\"@type\":\"Organization\",\"@id\":\"https:\/\/minax.com.br\/site\/#organization\",\"name\":\"Minax - Constru\u00e7\u00f5es e Minera\u00e7\u00e3o\",\"alternateName\":\"Minax\",\"url\":\"https:\/\/minax.com.br\/site\/\",\"logo\":{\"@type\":\"ImageObject\",\"inLanguage\":\"pt-BR\",\"@id\":\"https:\/\/minax.com.br\/site\/#\/schema\/logo\/image\/\",\"url\":\"https:\/\/minax.com.br\/site\/wp-content\/uploads\/2024\/02\/LOGO_MINAX.png\",\"contentUrl\":\"https:\/\/minax.com.br\/site\/wp-content\/uploads\/2024\/02\/LOGO_MINAX.png\",\"width\":313,\"height\":79,\"caption\":\"Minax - Constru\u00e7\u00f5es e Minera\u00e7\u00e3o\"},\"image\":{\"@id\":\"https:\/\/minax.com.br\/site\/#\/schema\/logo\/image\/\"},\"sameAs\":[\"https:\/\/www.facebook.com\/minax.tcm\/\",\"https:\/\/www.instagram.com\/minax.tcm\",\"https:\/\/www.linkedin.com\/company\/minax-transportes-construcoes-pesadas-e-mineracao\"]},{\"@type\":\"Person\",\"@id\":\"https:\/\/minax.com.br\/site\/#\/schema\/person\/671a22ccc4ba3798cd154b42912d761a\",\"name\":\"Minax\",\"image\":{\"@type\":\"ImageObject\",\"inLanguage\":\"pt-BR\",\"@id\":\"https:\/\/minax.com.br\/site\/#\/schema\/person\/image\/\",\"url\":\"https:\/\/secure.gravatar.com\/avatar\/f4cbb0e39af3ab6388bc7719cd3e5f977562da6c6073e579f6e981c3c833cfdf?s=96&d=mm&r=g\",\"contentUrl\":\"https:\/\/secure.gravatar.com\/avatar\/f4cbb0e39af3ab6388bc7719cd3e5f977562da6c6073e579f6e981c3c833cfdf?s=96&d=mm&r=g\",\"caption\":\"Minax\"},\"url\":\"https:\/\/minax.com.br\/site\/author\/editor\/\"}]}<\/script>\n<!-- \/ Yoast SEO plugin. -->","yoast_head_json":{"title":"Fenacampo 2025: tudo sobre a feira que conecta inova\u00e7\u00e3o e tradi\u00e7\u00e3o no agroneg\u00f3cio - Minax - Constru\u00e7\u00f5es e Minera\u00e7\u00e3o","description":"A Fenacampo 2025 acontece em agosto, em S\u00e3o Gotardo (MG). Saiba o que esperar da feira que une tradi\u00e7\u00e3o e oportunidades de neg\u00f3cios no mundo agro.","robots":{"index":"index","follow":"follow","max-snippet":"max-snippet:-1","max-image-preview":"max-image-preview:large","max-video-preview":"max-video-preview:-1"},"canonical":"https:\/\/minax.com.br\/site\/fenacampo-2025\/","og_locale":"pt_BR","og_type":"article","og_title":"Fenacampo 2025: tudo sobre a feira que conecta inova\u00e7\u00e3o e tradi\u00e7\u00e3o no agroneg\u00f3cio - Minax - Constru\u00e7\u00f5es e Minera\u00e7\u00e3o","og_description":"A Fenacampo 2025 acontece em agosto, em S\u00e3o Gotardo (MG). Saiba o que esperar da feira que une tradi\u00e7\u00e3o e oportunidades de neg\u00f3cios no mundo agro.","og_url":"https:\/\/minax.com.br\/site\/fenacampo-2025\/","og_site_name":"Minax - Constru\u00e7\u00f5es e Minera\u00e7\u00e3o","article_publisher":"https:\/\/www.facebook.com\/minax.tcm\/","article_published_time":"2025-09-18T11:00:00+00:00","og_image":[{"width":512,"height":341,"url":"https:\/\/minax.com.br\/site\/wp-content\/uploads\/2025\/09\/fenacampo-2025.jpg","type":"image\/jpeg"}],"author":"Minax","twitter_card":"summary_large_image","twitter_misc":{"Escrito por":"Minax","Est. tempo de leitura":"9 minutos"},"schema":{"@context":"https:\/\/schema.org","@graph":[{"@type":"Article","@id":"https:\/\/minax.com.br\/site\/fenacampo-2025\/#article","isPartOf":{"@id":"https:\/\/minax.com.br\/site\/fenacampo-2025\/"},"author":{"name":"Minax","@id":"https:\/\/minax.com.br\/site\/#\/schema\/person\/671a22ccc4ba3798cd154b42912d761a"},"headline":"Fenacampo 2025: tudo sobre a feira que conecta inova\u00e7\u00e3o e tradi\u00e7\u00e3o no agroneg\u00f3cio","datePublished":"2025-09-18T11:00:00+00:00","mainEntityOfPage":{"@id":"https:\/\/minax.com.br\/site\/fenacampo-2025\/"},"wordCount":1745,"publisher":{"@id":"https:\/\/minax.com.br\/site\/#organization"},"image":{"@id":"https:\/\/minax.com.br\/site\/fenacampo-2025\/#primaryimage"},"thumbnailUrl":"https:\/\/minax.com.br\/site\/wp-content\/uploads\/2025\/09\/fenacampo-2025.jpg","articleSection":["Blog"],"inLanguage":"pt-BR"},{"@type":"WebPage","@id":"https:\/\/minax.com.br\/site\/fenacampo-2025\/","url":"https:\/\/minax.com.br\/site\/fenacampo-2025\/","name":"Fenacampo 2025: tudo sobre a feira que conecta inova\u00e7\u00e3o e tradi\u00e7\u00e3o no agroneg\u00f3cio - Minax - Constru\u00e7\u00f5es e Minera\u00e7\u00e3o","isPartOf":{"@id":"https:\/\/minax.com.br\/site\/#website"},"primaryImageOfPage":{"@id":"https:\/\/minax.com.br\/site\/fenacampo-2025\/#primaryimage"},"image":{"@id":"https:\/\/minax.com.br\/site\/fenacampo-2025\/#primaryimage"},"thumbnailUrl":"https:\/\/minax.com.br\/site\/wp-content\/uploads\/2025\/09\/fenacampo-2025.jpg","datePublished":"2025-09-18T11:00:00+00:00","description":"A Fenacampo 2025 acontece em agosto, em S\u00e3o Gotardo (MG). Saiba o que esperar da feira que une tradi\u00e7\u00e3o e oportunidades de neg\u00f3cios no mundo agro.","breadcrumb":{"@id":"https:\/\/minax.com.br\/site\/fenacampo-2025\/#breadcrumb"},"inLanguage":"pt-BR","potentialAction":[{"@type":"ReadAction","target":["https:\/\/minax.com.br\/site\/fenacampo-2025\/"]}]},{"@type":"ImageObject","inLanguage":"pt-BR","@id":"https:\/\/minax.com.br\/site\/fenacampo-2025\/#primaryimage","url":"https:\/\/minax.com.br\/site\/wp-content\/uploads\/2025\/09\/fenacampo-2025.jpg","contentUrl":"https:\/\/minax.com.br\/site\/wp-content\/uploads\/2025\/09\/fenacampo-2025.jpg","width":512,"height":341,"caption":"Mulher utilizando tablete em meio a uma planta\u00e7\u00e3o"},{"@type":"BreadcrumbList","@id":"https:\/\/minax.com.br\/site\/fenacampo-2025\/#breadcrumb","itemListElement":[{"@type":"ListItem","position":1,"name":"In\u00edcio","item":"https:\/\/minax.com.br\/site\/"},{"@type":"ListItem","position":2,"name":"Fenacampo 2025: tudo sobre a feira que conecta inova\u00e7\u00e3o e tradi\u00e7\u00e3o no agroneg\u00f3cio"}]},{"@type":"WebSite","@id":"https:\/\/minax.com.br\/site\/#website","url":"https:\/\/minax.com.br\/site\/","name":"Minax - Constru\u00e7\u00f5es e Minera\u00e7\u00e3o","description":"Loca\u00e7\u00e3o de M\u00e1quina Pesada, Loca\u00e7\u00e3o de Escavadeira, Loca\u00e7\u00e3o de Caminh\u00e3o Articulado, Loca\u00e7\u00e3o de Caminh\u00e3o 8x4, Loca\u00e7\u00e3o de Trator de Esteira, Loca\u00e7\u00e3o de Motoniveladora","publisher":{"@id":"https:\/\/minax.com.br\/site\/#organization"},"alternateName":"Minax","potentialAction":[{"@type":"SearchAction","target":{"@type":"EntryPoint","urlTemplate":"https:\/\/minax.com.br\/site\/?s={search_term_string}"},"query-input":{"@type":"PropertyValueSpecification","valueRequired":true,"valueName":"search_term_string"}}],"inLanguage":"pt-BR"},{"@type":"Organization","@id":"https:\/\/minax.com.br\/site\/#organization","name":"Minax - Constru\u00e7\u00f5es e Minera\u00e7\u00e3o","alternateName":"Minax","url":"https:\/\/minax.com.br\/site\/","logo":{"@type":"ImageObject","inLanguage":"pt-BR","@id":"https:\/\/minax.com.br\/site\/#\/schema\/logo\/image\/","url":"https:\/\/minax.com.br\/site\/wp-content\/uploads\/2024\/02\/LOGO_MINAX.png","contentUrl":"https:\/\/minax.com.br\/site\/wp-content\/uploads\/2024\/02\/LOGO_MINAX.png","width":313,"height":79,"caption":"Minax - Constru\u00e7\u00f5es e Minera\u00e7\u00e3o"},"image":{"@id":"https:\/\/minax.com.br\/site\/#\/schema\/logo\/image\/"},"sameAs":["https:\/\/www.facebook.com\/minax.tcm\/","https:\/\/www.instagram.com\/minax.tcm","https:\/\/www.linkedin.com\/company\/minax-transportes-construcoes-pesadas-e-mineracao"]},{"@type":"Person","@id":"https:\/\/minax.com.br\/site\/#\/schema\/person\/671a22ccc4ba3798cd154b42912d761a","name":"Minax","image":{"@type":"ImageObject","inLanguage":"pt-BR","@id":"https:\/\/minax.com.br\/site\/#\/schema\/person\/image\/","url":"https:\/\/secure.gravatar.com\/avatar\/f4cbb0e39af3ab6388bc7719cd3e5f977562da6c6073e579f6e981c3c833cfdf?s=96&d=mm&r=g","contentUrl":"https:\/\/secure.gravatar.com\/avatar\/f4cbb0e39af3ab6388bc7719cd3e5f977562da6c6073e579f6e981c3c833cfdf?s=96&d=mm&r=g","caption":"Minax"},"url":"https:\/\/minax.com.br\/site\/author\/editor\/"}]}},"_links":{"self":[{"href":"https:\/\/minax.com.br\/site\/wp-json\/wp\/v2\/posts\/1806","targetHints":{"allow":["GET"]}}],"collection":[{"href":"https:\/\/minax.com.br\/site\/wp-json\/wp\/v2\/posts"}],"about":[{"href":"https:\/\/minax.com.br\/site\/wp-json\/wp\/v2\/types\/post"}],"author":[{"embeddable":true,"href":"https:\/\/minax.com.br\/site\/wp-json\/wp\/v2\/users\/3"}],"replies":[{"embeddable":true,"href":"https:\/\/minax.com.br\/site\/wp-json\/wp\/v2\/comments?post=1806"}],"version-history":[{"count":1,"href":"https:\/\/minax.com.br\/site\/wp-json\/wp\/v2\/posts\/1806\/revisions"}],"predecessor-version":[{"id":1808,"href":"https:\/\/minax.com.br\/site\/wp-json\/wp\/v2\/posts\/1806\/revisions\/1808"}],"wp:featuredmedia":[{"embeddable":true,"href":"https:\/\/minax.com.br\/site\/wp-json\/wp\/v2\/media\/1807"}],"wp:attachment":[{"href":"https:\/\/minax.com.br\/site\/wp-json\/wp\/v2\/media?parent=1806"}],"wp:term":[{"taxonomy":"category","embeddable":true,"href":"https:\/\/minax.com.br\/site\/wp-json\/wp\/v2\/categories?post=1806"},{"taxonomy":"post_tag","embeddable":true,"href":"https:\/\/minax.com.br\/site\/wp-json\/wp\/v2\/tags?post=1806"}],"curies":[{"name":"wp","href":"https:\/\/api.w.org\/{rel}","templated":true}]}}