{"id":1853,"date":"2025-11-04T08:00:18","date_gmt":"2025-11-04T11:00:18","guid":{"rendered":"https:\/\/minax.com.br\/site\/?p=1853"},"modified":"2025-09-29T11:01:14","modified_gmt":"2025-09-29T14:01:14","slug":"doencas-ocupacionais-na-mineracao","status":"publish","type":"post","link":"https:\/\/minax.com.br\/site\/doencas-ocupacionais-na-mineracao\/","title":{"rendered":"Doen\u00e7as ocupacionais na minera\u00e7\u00e3o: riscos, preven\u00e7\u00e3o e a responsabilidade das opera\u00e7\u00f5es"},"content":{"rendered":"\n<p>As doen\u00e7as ocupacionais na minera\u00e7\u00e3o representam um dos desafios mais cr\u00edticos para a seguran\u00e7a e bem-estar dos trabalhadores do setor.&nbsp;<\/p>\n\n\n\n<p>Expostos diariamente a ambientes hostis, com presen\u00e7a de poeiras t\u00f3xicas, ru\u00eddos intensos, vibra\u00e7\u00f5es, produtos qu\u00edmicos e condi\u00e7\u00f5es ergon\u00f4micas inadequadas,<strong> esses profissionais enfrentam riscos \u00e0 sa\u00fade que podem se manifestar tanto no curto quanto no longo prazo.<\/strong><\/p>\n\n\n\n<p>Nesse cen\u00e1rio, a sa\u00fade ocupacional na minera\u00e7\u00e3o vai muito al\u00e9m do cumprimento normativo. Ela est\u00e1 diretamente ligada \u00e0 produtividade, \u00e0 sustentabilidade das opera\u00e7\u00f5es e \u00e0 imagem das empresas perante a sociedade. Afinal, as condi\u00e7\u00f5es de trabalho refletem o comprometimento de uma companhia com o capital humano.<\/p>\n\n\n\n<p>Neste artigo, vamos entender melhor o que caracteriza uma doen\u00e7a ocupacional, quais agentes de risco est\u00e3o mais presentes nas minera\u00e7\u00f5es, como a legisla\u00e7\u00e3o trata o tema e quais medidas efetivas podem ser adotadas para preven\u00e7\u00e3o e controle dessas condi\u00e7\u00f5es. Acompanhe!<\/p>\n\n\n\n<h2 class=\"wp-block-heading\">O que s\u00e3o doen\u00e7as ocupacionais e por que s\u00e3o particularmente cr\u00edticas na minera\u00e7\u00e3o?<\/h2>\n\n\n\n<p>As doen\u00e7as ocupacionais s\u00e3o aquelas<strong> diretamente relacionadas \u00e0 atividade profissional exercida ou \u00e0 exposi\u00e7\u00e3o ao ambiente de trabalho<\/strong>. Elas incluem tanto as enfermidades provocadas por agentes f\u00edsicos, qu\u00edmicos e biol\u00f3gicos, como as agravadas pelas condi\u00e7\u00f5es de trabalho.<\/p>\n\n\n\n<p>Na minera\u00e7\u00e3o, esses riscos s\u00e3o acentuados por diversos fatores, como:<\/p>\n\n\n\n<ul class=\"wp-block-list\">\n<li><strong>presen\u00e7a constante de poeiras minerais, <\/strong>como a s\u00edlica;<br><\/li>\n\n\n\n<li>ru\u00eddos intensos provenientes de explos\u00f5es e m\u00e1quinas pesadas;<br><\/li>\n\n\n\n<li><strong>jornadas prolongadas em ambientes subterr\u00e2neos<\/strong> e mal ventilados;<br><\/li>\n\n\n\n<li>manuseio frequente de subst\u00e2ncias t\u00f3xicas e inflam\u00e1veis;<br><\/li>\n\n\n\n<li><strong>atividades com alto desgaste f\u00edsico<\/strong> e repeti\u00e7\u00e3o de esfor\u00e7os.<br><\/li>\n<\/ul>\n\n\n\n<p>Esses fatores contribuem para um cen\u00e1rio complexo de riscos ocupacionais na minera\u00e7\u00e3o e exigem protocolos rigorosos de seguran\u00e7a e vigil\u00e2ncia constante sobre a sa\u00fade dos trabalhadores.<\/p>\n\n\n\n<p>Vale destacar que, ao contr\u00e1rio de acidentes, <strong>as doen\u00e7as ocupacionais muitas vezes se desenvolvem de forma silenciosa<\/strong>, levando anos para se manifestar.&nbsp;<\/p>\n\n\n\n<p>Isso as torna ainda mais desafiadoras, j\u00e1 que os sintomas iniciais podem passar despercebidos e resultar em afastamentos prolongados ou incapacidades permanentes.<\/p>\n\n\n\n<p>Do ponto de vista legal, o tema \u00e9 regulado pela Consolida\u00e7\u00e3o das Leis do Trabalho (CLT), pela <a href=\"https:\/\/minax.com.br\/site\/nr-22-como-garantir-a-seguranca-do-trabalho-na-mineracao\/\">Norma Regulamentadora NR-22<\/a> e por disposi\u00e7\u00f5es da ANM (Ag\u00eancia Nacional de Minera\u00e7\u00e3o).&nbsp;<\/p>\n\n\n\n<p>Essas normativas estabelecem medidas obrigat\u00f3rias para o controle de riscos, <a href=\"https:\/\/minax.com.br\/site\/extracao-mineral\/\">monitoramento ambiental<\/a> e acompanhamento da sa\u00fade dos colaboradores.&nbsp;<\/p>\n\n\n\n<p>Al\u00e9m disso, \u00f3rg\u00e3os fiscalizadores exigem que empresas adotem programas de preven\u00e7\u00e3o sistematizados, refor\u00e7ando que <strong>a responsabilidade pela prote\u00e7\u00e3o da sa\u00fade \u00e9 compartilhada entre empregadores e gestores p\u00fablicos.<\/strong><\/p>\n\n\n\n<h2 class=\"wp-block-heading\">Quais s\u00e3o as principais doen\u00e7as ocupacionais na minera\u00e7\u00e3o?<\/h2>\n\n\n\n<p>Os tipos mais comuns de doen\u00e7as ocupacionais na minera\u00e7\u00e3o est\u00e3o associados \u00e0 exposi\u00e7\u00e3o a agentes f\u00edsicos, qu\u00edmicos e \u00e0s condi\u00e7\u00f5es ergon\u00f4micas prec\u00e1rias. A seguir, apresentamos as principais enfermidades!<\/p>\n\n\n\n<h3 class=\"wp-block-heading\">Silicose e outras pneumoconioses<\/h3>\n\n\n\n<p>A exposi\u00e7\u00e3o cont\u00ednua \u00e0 poeira de s\u00edlica cristalina \u00e9 uma das maiores amea\u00e7as \u00e0 sa\u00fade respirat\u00f3ria de trabalhadores da minera\u00e7\u00e3o.<strong> Essa poeira penetra nos pulm\u00f5es e causa inflama\u00e7\u00f5es cr\u00f4nicas<\/strong>, que resultam em cicatriza\u00e7\u00f5es e perda da capacidade pulmonar.<\/p>\n\n\n\n<p>Os sintomas incluem tosse persistente, falta de ar e cansa\u00e7o f\u00e1cil. Al\u00e9m da <strong>silicose<\/strong>, outras pneumoconioses, como a asbestose (causada por amianto) e a antracose (carv\u00e3o), tamb\u00e9m s\u00e3o frequentes.<\/p>\n\n\n\n<h3 class=\"wp-block-heading\">Perda auditiva induzida por ru\u00eddo<\/h3>\n\n\n\n<p>A exposi\u00e7\u00e3o prolongada a ru\u00eddos acima de 85 dB(A), comum nas frentes de lavra e plantas de beneficiamento, leva \u00e0 <strong>perda auditiva induzida por ru\u00eddo (PAIR)<\/strong>.<\/p>\n\n\n\n<p>Trata-se de uma condi\u00e7\u00e3o irrevers\u00edvel, que costuma se desenvolver de forma silenciosa e gradual. Os primeiros sinais incluem zumbido nos ouvidos e dificuldade para compreender a fala em ambientes ruidosos.<\/p>\n\n\n\n<h3 class=\"wp-block-heading\">Doen\u00e7as m\u00fasculo-esquel\u00e9ticas<\/h3>\n\n\n\n<p>Atividades repetitivas, carregamento de peso e posturas inadequadas contribuem para o surgimento de doen\u00e7as m\u00fasculo-esquel\u00e9ticas, <strong>como tendinites, bursites, les\u00f5es lombares e problemas articulares<\/strong>.<\/p>\n\n\n\n<p>Essas doen\u00e7as geram dor cr\u00f4nica, limita\u00e7\u00f5es funcionais e afastamentos prolongados, com impactos diretos na produtividade das opera\u00e7\u00f5es.<\/p>\n\n\n\n<h3 class=\"wp-block-heading\">Dermatites e doen\u00e7as de pele<\/h3>\n\n\n\n<p>O contato constante com \u00f3leos, graxas, metais pesados e poeiras t\u00f3xicas pode desencadear <strong>dermatites de contato<\/strong> e outras doen\u00e7as de pele, que v\u00e3o desde irrita\u00e7\u00f5es simples at\u00e9 alergias graves e infec\u00e7\u00f5es.<\/p>\n\n\n\n<p>A aus\u00eancia de luvas adequadas e a falta de higiene ap\u00f3s o turno s\u00e3o fatores agravantes comuns.<\/p>\n\n\n\n<h3 class=\"wp-block-heading\">Doen\u00e7as psicossociais<\/h3>\n\n\n\n<p>Estresse cr\u00f4nico, press\u00e3o por produtividade, jornadas longas e isolamento geogr\u00e1fico favorecem o desenvolvimento de <strong>doen\u00e7as psicossociais<\/strong>, <strong>como ansiedade, depress\u00e3o e transtornos do sono.<\/strong><\/p>\n\n\n\n<p>Essas condi\u00e7\u00f5es, embora menos vis\u00edveis, afetam profundamente o bem-estar do trabalhador e sua rela\u00e7\u00e3o com a empresa.<\/p>\n\n\n\n<h2 class=\"wp-block-heading\">Quais s\u00e3o as medidas de preven\u00e7\u00e3o e controle?<\/h2>\n\n\n\n<p>A preven\u00e7\u00e3o de doen\u00e7as ocupacionais <strong>exige mais do que EPIs ou treinamentos pontuais<\/strong>. \u00c9 uma estrat\u00e9gia integrada que passa pela gest\u00e3o do ambiente de trabalho, pelas condi\u00e7\u00f5es de sa\u00fade f\u00edsica e mental dos colaboradores e pela antecipa\u00e7\u00e3o de riscos.<\/p>\n\n\n\n<h3 class=\"wp-block-heading\">Identifica\u00e7\u00e3o de riscos<\/h3>\n\n\n\n<p>Mapear riscos vai al\u00e9m de cumprir exig\u00eancias legais. \u00c9 preciso identificar n\u00e3o apenas os agentes f\u00edsicos e qu\u00edmicos, mas tamb\u00e9m os fatores psicossociais e ergon\u00f4micos.<\/p>\n\n\n\n<p>Tecnologias digitais, como sensores ambientais, drones de inspe\u00e7\u00e3o e softwares de an\u00e1lise preditiva, ampliam a capacidade de detectar falhas. E<strong>sses recursos ajudam a monitorar concentra\u00e7\u00f5es de poeira, vibra\u00e7\u00f5es e ru\u00eddos,<\/strong> al\u00e9m de emitir alertas autom\u00e1ticos em tempo real.<\/p>\n\n\n\n<p>Outro ponto estrat\u00e9gico \u00e9 envolver os pr\u00f3prios trabalhadores no processo de mapeamento. Relatos de sintomas precoces, observa\u00e7\u00f5es de campo e <a href=\"https:\/\/minax.com.br\/site\/acidentes-em-minas\/\">registros de acidentes<\/a>, ou de situa\u00e7\u00f5es que pudessem levar a acidentes, enriquecem a base de dados e tornam a an\u00e1lise mais precisa.<\/p>\n\n\n\n<h3 class=\"wp-block-heading\">Equipamentos de Prote\u00e7\u00e3o Individual<\/h3>\n\n\n\n<p>Os <a href=\"https:\/\/minax.com.br\/site\/uso-de-epis\/\">EPIs s\u00e3o fundamentais<\/a>, mas sua efic\u00e1cia depende do uso correto e da qualidade do material fornecido. Respiradores, por exemplo, precisam ter filtro adequado ao tipo de poeira mineral presente.<\/p>\n\n\n\n<p>Al\u00e9m disso, a empresa deve adotar pol\u00edticas de reposi\u00e7\u00e3o peri\u00f3dica, j\u00e1 que equipamentos desgastados perdem a efic\u00e1cia. Sess\u00f5es pr\u00e1ticas de ajuste e higieniza\u00e7\u00e3o tamb\u00e9m evitam falhas de prote\u00e7\u00e3o.<\/p>\n\n\n\n<p>Para reduzir a depend\u00eancia exclusiva dos EPIs, <strong>a ado\u00e7\u00e3o de EPCs como cabines de isolamento ac\u00fastico e sistemas de exaust\u00e3o de gases \u00e9 cada vez mais valorizada<\/strong>. Isso transfere a responsabilidade da prote\u00e7\u00e3o do indiv\u00edduo para o coletivo.<\/p>\n\n\n\n<h3 class=\"wp-block-heading\">Treinamentos<\/h3>\n\n\n\n<p>Treinar n\u00e3o \u00e9 apenas transmitir normas. O ideal \u00e9 criar experi\u00eancias imersivas que simulem situa\u00e7\u00f5es reais de risco, permitindo que os trabalhadores pratiquem decis\u00f5es r\u00e1pidas em ambientes controlados.<\/p>\n\n\n\n<p><strong>Recursos como realidade virtual e gamifica\u00e7\u00e3o aumentam o engajamento<\/strong> e tornam o aprendizado mais efetivo. Al\u00e9m da parte t\u00e9cnica, os treinamentos devem incluir temas de sa\u00fade mental, gest\u00e3o de estresse e comunica\u00e7\u00e3o assertiva.<\/p>\n\n\n\n<p>Equipes mais preparadas conseguem agir com mais confian\u00e7a e reduzir tanto acidentes quanto afastamentos relacionados ao desgaste psicol\u00f3gico.<\/p>\n\n\n\n<h3 class=\"wp-block-heading\">Manuten\u00e7\u00e3o de m\u00e1quinas<\/h3>\n\n\n\n<p>Manter m\u00e1quinas em bom estado \u00e9 um dos pilares da preven\u00e7\u00e3o de acidentes. A manuten\u00e7\u00e3o preventiva precisa ser planejada com base em cronogramas e relat\u00f3rios t\u00e9cnicos, mas tamb\u00e9m em dados coletados por sensores que identificam falhas antes que ocorram.<\/p>\n\n\n\n<p>A substitui\u00e7\u00e3o gradual de m\u00e1quinas antigas por equipamentos inteligentes, equipados com IoT (Internet das Coisas), <strong>aumenta a produtividade e diminui riscos.<\/strong> Esses sistemas registram horas de uso, vibra\u00e7\u00f5es e temperatura, enviando sinais autom\u00e1ticos de alerta.<\/p>\n\n\n\n<p>Combinada a equipes treinadas para lidar com emerg\u00eancias mec\u00e2nicas, essa abordagem garante maior confiabilidade operacional e <a href=\"https:\/\/minax.com.br\/site\/plano-de-evacuacao\/\">mais seguran\u00e7a no ambiente de trabalho<\/a>.<\/p>\n\n\n\n<h2 class=\"wp-block-heading\">O que as empresas podem fazer para mitigar o problema?<\/h2>\n\n\n\n<p>Para que a minera\u00e7\u00e3o seja realmente sustent\u00e1vel, as empresas precisam ir al\u00e9m da conformidade legal e adotar pr\u00e1ticas inovadoras de gest\u00e3o da sa\u00fade ocupacional. Vamos conhecer as principais.<\/p>\n\n\n\n<h3 class=\"wp-block-heading\">Programas de vigil\u00e2ncia \u00e0 sa\u00fade<\/h3>\n\n\n\n<p>Os programas de sa\u00fade devem integrar acompanhamento f\u00edsico e psicol\u00f3gico, com uso de ferramentas digitais para monitorar indicadores de sa\u00fade em tempo real.&nbsp;<\/p>\n\n\n\n<p><strong>Aplicativos corporativos que oferecem check-ups r\u00e1pidos e alertam para sintomas suspeitos<\/strong> j\u00e1 s\u00e3o realidade em algumas opera\u00e7\u00f5es de grande porte.<\/p>\n\n\n\n<h3 class=\"wp-block-heading\">Ergonomia e estrutura dos postos de trabalho<\/h3>\n\n\n\n<p>Al\u00e9m dos ajustes f\u00edsicos tradicionais, como cadeiras e bancadas adequadas, as mineradoras devem adotar solu\u00e7\u00f5es de automa\u00e7\u00e3o e mecaniza\u00e7\u00e3o de tarefas pesadas. Exoesqueletos industriais, por exemplo, est\u00e3o sendo testados para reduzir esfor\u00e7os f\u00edsicos e prevenir les\u00f5es.<\/p>\n\n\n\n<h3 class=\"wp-block-heading\">Campanhas educativas&nbsp;<\/h3>\n\n\n\n<p>As campanhas de conscientiza\u00e7\u00e3o devem incluir tamb\u00e9m temas como o equil\u00edbrio entre vida profissional e pessoal, <strong>que impactam diretamente a sa\u00fade mental<\/strong>. Programas de di\u00e1logo aberto e rodas de conversa fortalecem a confian\u00e7a e a ades\u00e3o \u00e0s pr\u00e1ticas preventivas.<\/p>\n\n\n\n<h3 class=\"wp-block-heading\">Atualiza\u00e7\u00e3o dos programas legais obrigat\u00f3rios<\/h3>\n\n\n\n<p>O PGR e o PCMSO devem ser vistos como documentos din\u00e2micos, constantemente atualizados com base em an\u00e1lises de dados. Integrar essas informa\u00e7\u00f5es a plataformas de gest\u00e3o centralizadas permite maior transpar\u00eancia e agilidade na tomada de decis\u00e3o.<\/p>\n\n\n\n<h3 class=\"wp-block-heading\">Monitoramento e auditoria interna<\/h3>\n\n\n\n<p>Al\u00e9m das auditorias tradicionais, \u00e9 recomend\u00e1vel a cria\u00e7\u00e3o de comit\u00eas internos de sa\u00fade e seguran\u00e7a, formados por trabalhadores de diferentes \u00e1reas. <strong>Isso garante maior representatividade e engajamento.<\/strong>&nbsp;<\/p>\n\n\n\n<p>O uso de auditorias externas independentes tamb\u00e9m fortalece a credibilidade e reduz vieses. Com esse conjunto de pr\u00e1ticas, as mineradoras n\u00e3o apenas reduzem os riscos ocupacionais na minera\u00e7\u00e3o, como tamb\u00e9m constroem um ambiente mais seguro, produtivo e alinhado \u00e0s demandas contempor\u00e2neas de <a href=\"https:\/\/minax.com.br\/site\/mineracao-sustentavel\/\">sustentabilidade<\/a> e responsabilidade social.<\/p>\n\n\n\n<p>Empresas de minera\u00e7\u00e3o que colocam a sa\u00fade de seus trabalhadores em primeiro plano conquistam ganhos al\u00e9m da conformidade legal. Ao investir em pr\u00e1ticas modernas de seguran\u00e7a e inova\u00e7\u00e3o, constroem opera\u00e7\u00f5es mais eficientes e refor\u00e7am sua credibilidade no mercado.<\/p>\n\n\n\n<p>Dar destaque \u00e0 preven\u00e7\u00e3o de doen\u00e7as ocupacionais na minera\u00e7\u00e3o <strong>\u00e9 tamb\u00e9m assumir um papel de lideran\u00e7a na transforma\u00e7\u00e3o do setor<\/strong>. Essa postura reduz afastamentos, protege vidas e cria ambientes de trabalho mais equilibrados, seguros e sustent\u00e1veis.<\/p>\n\n\n\n<p>Para conferir mais artigos como este, al\u00e9m de outras novidades do universo da minera\u00e7\u00e3o, siga as nossas redes sociais: estamos no <a href=\"https:\/\/web.facebook.com\/minax.tcm\/?_rdc=1&amp;_rdr#\">Facebook<\/a>, no <a href=\"https:\/\/www.instagram.com\/minax.tcm\">Instagram<\/a>, no <a href=\"https:\/\/www.linkedin.com\/company\/minax-transportes-construcoes-pesadas-e-mineracao\/\">LinkedIn<\/a> e no <a href=\"https:\/\/www.youtube.com\/@MINAX-CM\">YouTube<\/a>!<\/p>\n","protected":false},"excerpt":{"rendered":"<p>As doen\u00e7as ocupacionais na minera\u00e7\u00e3o representam um dos desafios mais cr\u00edticos para a seguran\u00e7a e bem-estar dos trabalhadores do setor.&nbsp; Expostos diariamente a ambientes hostis, com presen\u00e7a de poeiras t\u00f3xicas, ru\u00eddos intensos, vibra\u00e7\u00f5es, produtos qu\u00edmicos e condi\u00e7\u00f5es ergon\u00f4micas inadequadas, esses profissionais enfrentam riscos \u00e0 sa\u00fade que podem se manifestar tanto no curto quanto no longo [&hellip;]<\/p>\n","protected":false},"author":3,"featured_media":1854,"comment_status":"closed","ping_status":"closed","sticky":false,"template":"","format":"standard","meta":{"footnotes":""},"categories":[11],"tags":[],"class_list":["post-1853","post","type-post","status-publish","format-standard","has-post-thumbnail","hentry","category-blog"],"yoast_head":"<!-- This site is optimized with the Yoast SEO plugin v25.7 - https:\/\/yoast.com\/wordpress\/plugins\/seo\/ -->\n<title>Doen\u00e7as ocupacionais na minera\u00e7\u00e3o: riscos, preven\u00e7\u00e3o e a responsabilidade das opera\u00e7\u00f5es - Minax - Constru\u00e7\u00f5es e Minera\u00e7\u00e3o<\/title>\n<meta name=\"description\" content=\"Descubra os riscos e a preven\u00e7\u00e3o de doen\u00e7as ocupacionais na minera\u00e7\u00e3o e saiba como empresas podem proteger trabalhadores e garantir opera\u00e7\u00f5es seguras.\" \/>\n<meta name=\"robots\" content=\"index, follow, max-snippet:-1, max-image-preview:large, max-video-preview:-1\" \/>\n<link rel=\"canonical\" href=\"https:\/\/minax.com.br\/site\/doencas-ocupacionais-na-mineracao\/\" \/>\n<meta property=\"og:locale\" content=\"pt_BR\" \/>\n<meta property=\"og:type\" content=\"article\" \/>\n<meta property=\"og:title\" content=\"Doen\u00e7as ocupacionais na minera\u00e7\u00e3o: riscos, preven\u00e7\u00e3o e a responsabilidade das opera\u00e7\u00f5es - Minax - Constru\u00e7\u00f5es e Minera\u00e7\u00e3o\" \/>\n<meta property=\"og:description\" content=\"Descubra os riscos e a preven\u00e7\u00e3o de doen\u00e7as ocupacionais na minera\u00e7\u00e3o e saiba como empresas podem proteger trabalhadores e garantir opera\u00e7\u00f5es seguras.\" \/>\n<meta property=\"og:url\" content=\"https:\/\/minax.com.br\/site\/doencas-ocupacionais-na-mineracao\/\" \/>\n<meta property=\"og:site_name\" content=\"Minax - Constru\u00e7\u00f5es e Minera\u00e7\u00e3o\" \/>\n<meta property=\"article:publisher\" content=\"https:\/\/www.facebook.com\/minax.tcm\/\" \/>\n<meta property=\"article:published_time\" content=\"2025-11-04T11:00:18+00:00\" \/>\n<meta property=\"og:image\" content=\"https:\/\/minax.com.br\/site\/wp-content\/uploads\/2025\/09\/doencas-ocupacionais-na-mineracao.jpg\" \/>\n\t<meta property=\"og:image:width\" content=\"512\" \/>\n\t<meta property=\"og:image:height\" content=\"341\" \/>\n\t<meta property=\"og:image:type\" content=\"image\/jpeg\" \/>\n<meta name=\"author\" content=\"Minax\" \/>\n<meta name=\"twitter:card\" content=\"summary_large_image\" \/>\n<meta name=\"twitter:label1\" content=\"Escrito por\" \/>\n\t<meta name=\"twitter:data1\" content=\"Minax\" \/>\n\t<meta name=\"twitter:label2\" content=\"Est. tempo de leitura\" \/>\n\t<meta name=\"twitter:data2\" content=\"9 minutos\" \/>\n<script type=\"application\/ld+json\" class=\"yoast-schema-graph\">{\"@context\":\"https:\/\/schema.org\",\"@graph\":[{\"@type\":\"Article\",\"@id\":\"https:\/\/minax.com.br\/site\/doencas-ocupacionais-na-mineracao\/#article\",\"isPartOf\":{\"@id\":\"https:\/\/minax.com.br\/site\/doencas-ocupacionais-na-mineracao\/\"},\"author\":{\"name\":\"Minax\",\"@id\":\"https:\/\/minax.com.br\/site\/#\/schema\/person\/671a22ccc4ba3798cd154b42912d761a\"},\"headline\":\"Doen\u00e7as ocupacionais na minera\u00e7\u00e3o: riscos, preven\u00e7\u00e3o e a responsabilidade das opera\u00e7\u00f5es\",\"datePublished\":\"2025-11-04T11:00:18+00:00\",\"mainEntityOfPage\":{\"@id\":\"https:\/\/minax.com.br\/site\/doencas-ocupacionais-na-mineracao\/\"},\"wordCount\":1794,\"publisher\":{\"@id\":\"https:\/\/minax.com.br\/site\/#organization\"},\"image\":{\"@id\":\"https:\/\/minax.com.br\/site\/doencas-ocupacionais-na-mineracao\/#primaryimage\"},\"thumbnailUrl\":\"https:\/\/minax.com.br\/site\/wp-content\/uploads\/2025\/09\/doencas-ocupacionais-na-mineracao.jpg\",\"articleSection\":[\"Blog\"],\"inLanguage\":\"pt-BR\"},{\"@type\":\"WebPage\",\"@id\":\"https:\/\/minax.com.br\/site\/doencas-ocupacionais-na-mineracao\/\",\"url\":\"https:\/\/minax.com.br\/site\/doencas-ocupacionais-na-mineracao\/\",\"name\":\"Doen\u00e7as ocupacionais na minera\u00e7\u00e3o: riscos, preven\u00e7\u00e3o e a responsabilidade das opera\u00e7\u00f5es - Minax - Constru\u00e7\u00f5es e Minera\u00e7\u00e3o\",\"isPartOf\":{\"@id\":\"https:\/\/minax.com.br\/site\/#website\"},\"primaryImageOfPage\":{\"@id\":\"https:\/\/minax.com.br\/site\/doencas-ocupacionais-na-mineracao\/#primaryimage\"},\"image\":{\"@id\":\"https:\/\/minax.com.br\/site\/doencas-ocupacionais-na-mineracao\/#primaryimage\"},\"thumbnailUrl\":\"https:\/\/minax.com.br\/site\/wp-content\/uploads\/2025\/09\/doencas-ocupacionais-na-mineracao.jpg\",\"datePublished\":\"2025-11-04T11:00:18+00:00\",\"description\":\"Descubra os riscos e a preven\u00e7\u00e3o de doen\u00e7as ocupacionais na minera\u00e7\u00e3o e saiba como empresas podem proteger trabalhadores e garantir opera\u00e7\u00f5es seguras.\",\"breadcrumb\":{\"@id\":\"https:\/\/minax.com.br\/site\/doencas-ocupacionais-na-mineracao\/#breadcrumb\"},\"inLanguage\":\"pt-BR\",\"potentialAction\":[{\"@type\":\"ReadAction\",\"target\":[\"https:\/\/minax.com.br\/site\/doencas-ocupacionais-na-mineracao\/\"]}]},{\"@type\":\"ImageObject\",\"inLanguage\":\"pt-BR\",\"@id\":\"https:\/\/minax.com.br\/site\/doencas-ocupacionais-na-mineracao\/#primaryimage\",\"url\":\"https:\/\/minax.com.br\/site\/wp-content\/uploads\/2025\/09\/doencas-ocupacionais-na-mineracao.jpg\",\"contentUrl\":\"https:\/\/minax.com.br\/site\/wp-content\/uploads\/2025\/09\/doencas-ocupacionais-na-mineracao.jpg\",\"width\":512,\"height\":341,\"caption\":\"Grupo de trabalhadores falando sobre doen\u00e7as ocupacionais na minera\u00e7\u00e3o\"},{\"@type\":\"BreadcrumbList\",\"@id\":\"https:\/\/minax.com.br\/site\/doencas-ocupacionais-na-mineracao\/#breadcrumb\",\"itemListElement\":[{\"@type\":\"ListItem\",\"position\":1,\"name\":\"In\u00edcio\",\"item\":\"https:\/\/minax.com.br\/site\/\"},{\"@type\":\"ListItem\",\"position\":2,\"name\":\"Doen\u00e7as ocupacionais na minera\u00e7\u00e3o: riscos, preven\u00e7\u00e3o e a responsabilidade das opera\u00e7\u00f5es\"}]},{\"@type\":\"WebSite\",\"@id\":\"https:\/\/minax.com.br\/site\/#website\",\"url\":\"https:\/\/minax.com.br\/site\/\",\"name\":\"Minax - Constru\u00e7\u00f5es e Minera\u00e7\u00e3o\",\"description\":\"Loca\u00e7\u00e3o de M\u00e1quina Pesada, Loca\u00e7\u00e3o de Escavadeira, Loca\u00e7\u00e3o de Caminh\u00e3o Articulado, Loca\u00e7\u00e3o de Caminh\u00e3o 8x4, Loca\u00e7\u00e3o de Trator de Esteira, Loca\u00e7\u00e3o de Motoniveladora\",\"publisher\":{\"@id\":\"https:\/\/minax.com.br\/site\/#organization\"},\"alternateName\":\"Minax\",\"potentialAction\":[{\"@type\":\"SearchAction\",\"target\":{\"@type\":\"EntryPoint\",\"urlTemplate\":\"https:\/\/minax.com.br\/site\/?s={search_term_string}\"},\"query-input\":{\"@type\":\"PropertyValueSpecification\",\"valueRequired\":true,\"valueName\":\"search_term_string\"}}],\"inLanguage\":\"pt-BR\"},{\"@type\":\"Organization\",\"@id\":\"https:\/\/minax.com.br\/site\/#organization\",\"name\":\"Minax - Constru\u00e7\u00f5es e Minera\u00e7\u00e3o\",\"alternateName\":\"Minax\",\"url\":\"https:\/\/minax.com.br\/site\/\",\"logo\":{\"@type\":\"ImageObject\",\"inLanguage\":\"pt-BR\",\"@id\":\"https:\/\/minax.com.br\/site\/#\/schema\/logo\/image\/\",\"url\":\"https:\/\/minax.com.br\/site\/wp-content\/uploads\/2024\/02\/LOGO_MINAX.png\",\"contentUrl\":\"https:\/\/minax.com.br\/site\/wp-content\/uploads\/2024\/02\/LOGO_MINAX.png\",\"width\":313,\"height\":79,\"caption\":\"Minax - Constru\u00e7\u00f5es e Minera\u00e7\u00e3o\"},\"image\":{\"@id\":\"https:\/\/minax.com.br\/site\/#\/schema\/logo\/image\/\"},\"sameAs\":[\"https:\/\/www.facebook.com\/minax.tcm\/\",\"https:\/\/www.instagram.com\/minax.tcm\",\"https:\/\/www.linkedin.com\/company\/minax-transportes-construcoes-pesadas-e-mineracao\"]},{\"@type\":\"Person\",\"@id\":\"https:\/\/minax.com.br\/site\/#\/schema\/person\/671a22ccc4ba3798cd154b42912d761a\",\"name\":\"Minax\",\"image\":{\"@type\":\"ImageObject\",\"inLanguage\":\"pt-BR\",\"@id\":\"https:\/\/minax.com.br\/site\/#\/schema\/person\/image\/\",\"url\":\"https:\/\/secure.gravatar.com\/avatar\/f4cbb0e39af3ab6388bc7719cd3e5f977562da6c6073e579f6e981c3c833cfdf?s=96&d=mm&r=g\",\"contentUrl\":\"https:\/\/secure.gravatar.com\/avatar\/f4cbb0e39af3ab6388bc7719cd3e5f977562da6c6073e579f6e981c3c833cfdf?s=96&d=mm&r=g\",\"caption\":\"Minax\"},\"url\":\"https:\/\/minax.com.br\/site\/author\/editor\/\"}]}<\/script>\n<!-- \/ Yoast SEO plugin. -->","yoast_head_json":{"title":"Doen\u00e7as ocupacionais na minera\u00e7\u00e3o: riscos, preven\u00e7\u00e3o e a responsabilidade das opera\u00e7\u00f5es - Minax - Constru\u00e7\u00f5es e Minera\u00e7\u00e3o","description":"Descubra os riscos e a preven\u00e7\u00e3o de doen\u00e7as ocupacionais na minera\u00e7\u00e3o e saiba como empresas podem proteger trabalhadores e garantir opera\u00e7\u00f5es seguras.","robots":{"index":"index","follow":"follow","max-snippet":"max-snippet:-1","max-image-preview":"max-image-preview:large","max-video-preview":"max-video-preview:-1"},"canonical":"https:\/\/minax.com.br\/site\/doencas-ocupacionais-na-mineracao\/","og_locale":"pt_BR","og_type":"article","og_title":"Doen\u00e7as ocupacionais na minera\u00e7\u00e3o: riscos, preven\u00e7\u00e3o e a responsabilidade das opera\u00e7\u00f5es - Minax - Constru\u00e7\u00f5es e Minera\u00e7\u00e3o","og_description":"Descubra os riscos e a preven\u00e7\u00e3o de doen\u00e7as ocupacionais na minera\u00e7\u00e3o e saiba como empresas podem proteger trabalhadores e garantir opera\u00e7\u00f5es seguras.","og_url":"https:\/\/minax.com.br\/site\/doencas-ocupacionais-na-mineracao\/","og_site_name":"Minax - Constru\u00e7\u00f5es e Minera\u00e7\u00e3o","article_publisher":"https:\/\/www.facebook.com\/minax.tcm\/","article_published_time":"2025-11-04T11:00:18+00:00","og_image":[{"width":512,"height":341,"url":"https:\/\/minax.com.br\/site\/wp-content\/uploads\/2025\/09\/doencas-ocupacionais-na-mineracao.jpg","type":"image\/jpeg"}],"author":"Minax","twitter_card":"summary_large_image","twitter_misc":{"Escrito por":"Minax","Est. tempo de leitura":"9 minutos"},"schema":{"@context":"https:\/\/schema.org","@graph":[{"@type":"Article","@id":"https:\/\/minax.com.br\/site\/doencas-ocupacionais-na-mineracao\/#article","isPartOf":{"@id":"https:\/\/minax.com.br\/site\/doencas-ocupacionais-na-mineracao\/"},"author":{"name":"Minax","@id":"https:\/\/minax.com.br\/site\/#\/schema\/person\/671a22ccc4ba3798cd154b42912d761a"},"headline":"Doen\u00e7as ocupacionais na minera\u00e7\u00e3o: riscos, preven\u00e7\u00e3o e a responsabilidade das opera\u00e7\u00f5es","datePublished":"2025-11-04T11:00:18+00:00","mainEntityOfPage":{"@id":"https:\/\/minax.com.br\/site\/doencas-ocupacionais-na-mineracao\/"},"wordCount":1794,"publisher":{"@id":"https:\/\/minax.com.br\/site\/#organization"},"image":{"@id":"https:\/\/minax.com.br\/site\/doencas-ocupacionais-na-mineracao\/#primaryimage"},"thumbnailUrl":"https:\/\/minax.com.br\/site\/wp-content\/uploads\/2025\/09\/doencas-ocupacionais-na-mineracao.jpg","articleSection":["Blog"],"inLanguage":"pt-BR"},{"@type":"WebPage","@id":"https:\/\/minax.com.br\/site\/doencas-ocupacionais-na-mineracao\/","url":"https:\/\/minax.com.br\/site\/doencas-ocupacionais-na-mineracao\/","name":"Doen\u00e7as ocupacionais na minera\u00e7\u00e3o: riscos, preven\u00e7\u00e3o e a responsabilidade das opera\u00e7\u00f5es - Minax - Constru\u00e7\u00f5es e Minera\u00e7\u00e3o","isPartOf":{"@id":"https:\/\/minax.com.br\/site\/#website"},"primaryImageOfPage":{"@id":"https:\/\/minax.com.br\/site\/doencas-ocupacionais-na-mineracao\/#primaryimage"},"image":{"@id":"https:\/\/minax.com.br\/site\/doencas-ocupacionais-na-mineracao\/#primaryimage"},"thumbnailUrl":"https:\/\/minax.com.br\/site\/wp-content\/uploads\/2025\/09\/doencas-ocupacionais-na-mineracao.jpg","datePublished":"2025-11-04T11:00:18+00:00","description":"Descubra os riscos e a preven\u00e7\u00e3o de doen\u00e7as ocupacionais na minera\u00e7\u00e3o e saiba como empresas podem proteger trabalhadores e garantir opera\u00e7\u00f5es seguras.","breadcrumb":{"@id":"https:\/\/minax.com.br\/site\/doencas-ocupacionais-na-mineracao\/#breadcrumb"},"inLanguage":"pt-BR","potentialAction":[{"@type":"ReadAction","target":["https:\/\/minax.com.br\/site\/doencas-ocupacionais-na-mineracao\/"]}]},{"@type":"ImageObject","inLanguage":"pt-BR","@id":"https:\/\/minax.com.br\/site\/doencas-ocupacionais-na-mineracao\/#primaryimage","url":"https:\/\/minax.com.br\/site\/wp-content\/uploads\/2025\/09\/doencas-ocupacionais-na-mineracao.jpg","contentUrl":"https:\/\/minax.com.br\/site\/wp-content\/uploads\/2025\/09\/doencas-ocupacionais-na-mineracao.jpg","width":512,"height":341,"caption":"Grupo de trabalhadores falando sobre doen\u00e7as ocupacionais na minera\u00e7\u00e3o"},{"@type":"BreadcrumbList","@id":"https:\/\/minax.com.br\/site\/doencas-ocupacionais-na-mineracao\/#breadcrumb","itemListElement":[{"@type":"ListItem","position":1,"name":"In\u00edcio","item":"https:\/\/minax.com.br\/site\/"},{"@type":"ListItem","position":2,"name":"Doen\u00e7as ocupacionais na minera\u00e7\u00e3o: riscos, preven\u00e7\u00e3o e a responsabilidade das opera\u00e7\u00f5es"}]},{"@type":"WebSite","@id":"https:\/\/minax.com.br\/site\/#website","url":"https:\/\/minax.com.br\/site\/","name":"Minax - Constru\u00e7\u00f5es e Minera\u00e7\u00e3o","description":"Loca\u00e7\u00e3o de M\u00e1quina Pesada, Loca\u00e7\u00e3o de Escavadeira, Loca\u00e7\u00e3o de Caminh\u00e3o Articulado, Loca\u00e7\u00e3o de Caminh\u00e3o 8x4, Loca\u00e7\u00e3o de Trator de Esteira, Loca\u00e7\u00e3o de Motoniveladora","publisher":{"@id":"https:\/\/minax.com.br\/site\/#organization"},"alternateName":"Minax","potentialAction":[{"@type":"SearchAction","target":{"@type":"EntryPoint","urlTemplate":"https:\/\/minax.com.br\/site\/?s={search_term_string}"},"query-input":{"@type":"PropertyValueSpecification","valueRequired":true,"valueName":"search_term_string"}}],"inLanguage":"pt-BR"},{"@type":"Organization","@id":"https:\/\/minax.com.br\/site\/#organization","name":"Minax - Constru\u00e7\u00f5es e Minera\u00e7\u00e3o","alternateName":"Minax","url":"https:\/\/minax.com.br\/site\/","logo":{"@type":"ImageObject","inLanguage":"pt-BR","@id":"https:\/\/minax.com.br\/site\/#\/schema\/logo\/image\/","url":"https:\/\/minax.com.br\/site\/wp-content\/uploads\/2024\/02\/LOGO_MINAX.png","contentUrl":"https:\/\/minax.com.br\/site\/wp-content\/uploads\/2024\/02\/LOGO_MINAX.png","width":313,"height":79,"caption":"Minax - Constru\u00e7\u00f5es e Minera\u00e7\u00e3o"},"image":{"@id":"https:\/\/minax.com.br\/site\/#\/schema\/logo\/image\/"},"sameAs":["https:\/\/www.facebook.com\/minax.tcm\/","https:\/\/www.instagram.com\/minax.tcm","https:\/\/www.linkedin.com\/company\/minax-transportes-construcoes-pesadas-e-mineracao"]},{"@type":"Person","@id":"https:\/\/minax.com.br\/site\/#\/schema\/person\/671a22ccc4ba3798cd154b42912d761a","name":"Minax","image":{"@type":"ImageObject","inLanguage":"pt-BR","@id":"https:\/\/minax.com.br\/site\/#\/schema\/person\/image\/","url":"https:\/\/secure.gravatar.com\/avatar\/f4cbb0e39af3ab6388bc7719cd3e5f977562da6c6073e579f6e981c3c833cfdf?s=96&d=mm&r=g","contentUrl":"https:\/\/secure.gravatar.com\/avatar\/f4cbb0e39af3ab6388bc7719cd3e5f977562da6c6073e579f6e981c3c833cfdf?s=96&d=mm&r=g","caption":"Minax"},"url":"https:\/\/minax.com.br\/site\/author\/editor\/"}]}},"_links":{"self":[{"href":"https:\/\/minax.com.br\/site\/wp-json\/wp\/v2\/posts\/1853","targetHints":{"allow":["GET"]}}],"collection":[{"href":"https:\/\/minax.com.br\/site\/wp-json\/wp\/v2\/posts"}],"about":[{"href":"https:\/\/minax.com.br\/site\/wp-json\/wp\/v2\/types\/post"}],"author":[{"embeddable":true,"href":"https:\/\/minax.com.br\/site\/wp-json\/wp\/v2\/users\/3"}],"replies":[{"embeddable":true,"href":"https:\/\/minax.com.br\/site\/wp-json\/wp\/v2\/comments?post=1853"}],"version-history":[{"count":1,"href":"https:\/\/minax.com.br\/site\/wp-json\/wp\/v2\/posts\/1853\/revisions"}],"predecessor-version":[{"id":1855,"href":"https:\/\/minax.com.br\/site\/wp-json\/wp\/v2\/posts\/1853\/revisions\/1855"}],"wp:featuredmedia":[{"embeddable":true,"href":"https:\/\/minax.com.br\/site\/wp-json\/wp\/v2\/media\/1854"}],"wp:attachment":[{"href":"https:\/\/minax.com.br\/site\/wp-json\/wp\/v2\/media?parent=1853"}],"wp:term":[{"taxonomy":"category","embeddable":true,"href":"https:\/\/minax.com.br\/site\/wp-json\/wp\/v2\/categories?post=1853"},{"taxonomy":"post_tag","embeddable":true,"href":"https:\/\/minax.com.br\/site\/wp-json\/wp\/v2\/tags?post=1853"}],"curies":[{"name":"wp","href":"https:\/\/api.w.org\/{rel}","templated":true}]}}